
{"id":46328,"date":"2015-01-24T19:35:46","date_gmt":"2015-01-24T22:35:46","guid":{"rendered":"http:\/\/www.sudoestehoje.com.br\/novoportal\/?p=46328"},"modified":"2015-01-24T19:37:31","modified_gmt":"2015-01-24T22:37:31","slug":"conquista-servidores-denunciam-falta-de-alimentos-em-hospital-municipal","status":"publish","type":"post","link":"https:\/\/www.sudoestehoje.com.br\/novoportal\/2015\/01\/24\/conquista-servidores-denunciam-falta-de-alimentos-em-hospital-municipal\/","title":{"rendered":"CONQUISTA: SERVIDORES DENUNCIAM FALTA DE ALIMENTOS EM HOSPITAL MUNICIPAL"},"content":{"rendered":"<p><a href=\"http:\/\/www.sudoestehoje.com.br\/novoportal\/wp-content\/uploads\/2015\/01\/ESA\u00da.jpg\"><img loading=\"lazy\" decoding=\"async\" class=\"aligncenter  wp-image-46329\" src=\"http:\/\/www.sudoestehoje.com.br\/novoportal\/wp-content\/uploads\/2015\/01\/ESA\u00da.jpg\" alt=\"ESA\u00da\" width=\"499\" height=\"368\" srcset=\"https:\/\/www.sudoestehoje.com.br\/novoportal\/wp-content\/uploads\/2015\/01\/ESA\u00da.jpg 380w, https:\/\/www.sudoestehoje.com.br\/novoportal\/wp-content\/uploads\/2015\/01\/ESA\u00da-150x110.jpg 150w\" sizes=\"auto, (max-width: 499px) 100vw, 499px\" \/><\/a><\/p>\n<p>Servidores do Hospital Municipal Esa\u00fa Matos, em Vit\u00f3ria da Conquista, afirmaram que a unidade de sa\u00fade est\u00e1 h\u00e1 mais de uma semana sem alimentos para funcion\u00e1rios e pacientes. &#8220;Todo dia ovos cozidos e fritos. Tem dia que falta caf\u00e9, no outro n\u00e3o tem a\u00e7\u00facar&#8221;, disse uma funcion\u00e1ria que preferiu n\u00e3o se identificar ao Blog do Anderson. D<\/p>\n<p>e acordo com ela, a institui\u00e7\u00e3o n\u00e3o possui nem mesmo g\u00e1s na cozinha, o que obriga os servidores a levar seus pr\u00f3prios alimentos. No entanto, o mesmo n\u00e3o \u00e9 permitido aos pacientes. &#8220;Os paciente est\u00e3o sendo impedidos de entra no hospital com alimentos trazidos de casa. At\u00e9 ch\u00e1 j\u00e1 foi servido por falta do caf\u00e9 e leite&#8221;, contou. A prefeitura de Vit\u00f3ria da Conquista ainda n\u00e3o se posicionou sobre a situa\u00e7\u00e3o.<\/p>\n<p><img decoding=\"async\" class=\"aligncenter\" src=\"http:\/\/www.sudoestehoje.com.br\/novoportal\/wp-content\/uploads\/2014\/11\/Logomarca-HB-Sementes-500x134.jpg\" alt=\"Logomarca HB Sementes\" \/><\/p>\n","protected":false},"excerpt":{"rendered":"<p>Servidores do Hospital Municipal Esa\u00fa Matos, em Vit\u00f3ria da Conquista, afirmaram que a unidade de sa\u00fade est\u00e1 h\u00e1 mais de uma semana sem alimentos para funcion\u00e1rios e pacientes. &#8220;Todo dia ovos cozidos e fritos. Tem dia que falta caf\u00e9, no outro n\u00e3o tem a\u00e7\u00facar&#8221;, disse uma funcion\u00e1ria que preferiu n\u00e3o se identificar ao Blog do [&hellip;]<\/p>\n","protected":false},"author":2,"featured_media":0,"comment_status":"open","ping_status":"open","sticky":false,"template":"","format":"standard","meta":{"footnotes":"","_links_to":"","_links_to_target":""},"categories":[1],"tags":[],"class_list":["post-46328","post","type-post","status-publish","format-standard","hentry","category-geral"],"views":1103,"_links":{"self":[{"href":"https:\/\/www.sudoestehoje.com.br\/novoportal\/wp-json\/wp\/v2\/posts\/46328","targetHints":{"allow":["GET"]}}],"collection":[{"href":"https:\/\/www.sudoestehoje.com.br\/novoportal\/wp-json\/wp\/v2\/posts"}],"about":[{"href":"https:\/\/www.sudoestehoje.com.br\/novoportal\/wp-json\/wp\/v2\/types\/post"}],"author":[{"embeddable":true,"href":"https:\/\/www.sudoestehoje.com.br\/novoportal\/wp-json\/wp\/v2\/users\/2"}],"replies":[{"embeddable":true,"href":"https:\/\/www.sudoestehoje.com.br\/novoportal\/wp-json\/wp\/v2\/comments?post=46328"}],"version-history":[{"count":2,"href":"https:\/\/www.sudoestehoje.com.br\/novoportal\/wp-json\/wp\/v2\/posts\/46328\/revisions"}],"predecessor-version":[{"id":46331,"href":"https:\/\/www.sudoestehoje.com.br\/novoportal\/wp-json\/wp\/v2\/posts\/46328\/revisions\/46331"}],"wp:attachment":[{"href":"https:\/\/www.sudoestehoje.com.br\/novoportal\/wp-json\/wp\/v2\/media?parent=46328"}],"wp:term":[{"taxonomy":"category","embeddable":true,"href":"https:\/\/www.sudoestehoje.com.br\/novoportal\/wp-json\/wp\/v2\/categories?post=46328"},{"taxonomy":"post_tag","embeddable":true,"href":"https:\/\/www.sudoestehoje.com.br\/novoportal\/wp-json\/wp\/v2\/tags?post=46328"}],"curies":[{"name":"wp","href":"https:\/\/api.w.org\/{rel}","templated":true}]}}