
{"id":46315,"date":"2015-01-23T19:41:20","date_gmt":"2015-01-23T22:41:20","guid":{"rendered":"http:\/\/www.sudoestehoje.com.br\/novoportal\/?p=46315"},"modified":"2015-01-23T19:44:48","modified_gmt":"2015-01-23T22:44:48","slug":"rosemberg-defende-fechamento-das-dires-e-enxugamento-na-educacao","status":"publish","type":"post","link":"https:\/\/www.sudoestehoje.com.br\/novoportal\/2015\/01\/23\/rosemberg-defende-fechamento-das-dires-e-enxugamento-na-educacao\/","title":{"rendered":"ROSEMBERG DEFENDE FECHAMENTO DAS DIRES E ENXUGAMENTO NA EDUCA\u00c7\u00c3O"},"content":{"rendered":"<div id=\"attachment_46316\" style=\"width: 510px\" class=\"wp-caption aligncenter\"><a href=\"http:\/\/www.sudoestehoje.com.br\/novoportal\/wp-content\/uploads\/2015\/01\/rosinha.jpeg\"><img loading=\"lazy\" decoding=\"async\" aria-describedby=\"caption-attachment-46316\" class=\"size-medium wp-image-46316\" src=\"http:\/\/www.sudoestehoje.com.br\/novoportal\/wp-content\/uploads\/2015\/01\/rosinha-500x333.jpeg\" alt=\"Rui Costa contou com o apoio integram de Rosemberg Pinto e do prefeito Z\u00e9 Carlos na extin\u00e7\u00e3o das Dires.\" width=\"500\" height=\"333\" srcset=\"https:\/\/www.sudoestehoje.com.br\/novoportal\/wp-content\/uploads\/2015\/01\/rosinha-500x333.jpeg 500w, https:\/\/www.sudoestehoje.com.br\/novoportal\/wp-content\/uploads\/2015\/01\/rosinha-700x466.jpeg 700w, https:\/\/www.sudoestehoje.com.br\/novoportal\/wp-content\/uploads\/2015\/01\/rosinha-150x99.jpeg 150w, https:\/\/www.sudoestehoje.com.br\/novoportal\/wp-content\/uploads\/2015\/01\/rosinha.jpeg 1024w\" sizes=\"auto, (max-width: 500px) 100vw, 500px\" \/><\/a><p id=\"caption-attachment-46316\" class=\"wp-caption-text\">Rui Costa contou com o apoio integral de Rosemberg Pinto e do prefeito Z\u00e9 Carlos na extin\u00e7\u00e3o das Dires.<\/p><\/div>\n<p>As mudan\u00e7as nas estruturas das secretarias estaduais de Sa\u00fade e Educa\u00e7\u00e3o, com a redu\u00e7\u00e3o do n\u00famero de regionais das duas pastas, incluindo o fechamento das Dires, foram defendidas pelo deputado estadual Rosemberg Pinto (PT). Para o parlamentar, o enxugamento das estrutura resultar\u00e1 na melhorias dos servi\u00e7os prestados pela educa\u00e7\u00e3o e sa\u00fade, o que resultou na extin\u00e7\u00e3o de centenas de cargos comissionados, preenchidos sem concurso p\u00fablico.<\/p>\n<p><em>&#8220;O governador Rui Costa tem a sa\u00fade e educa\u00e7\u00e3o como prioridades e \u00e9 importante que os recursos p\u00fablicos sejam investidos para melhorar a qualidade da educa\u00e7\u00e3o e da rede b\u00e1sica de sa\u00fade&#8221;<\/em>, disse o petista.<\/p>\n<p>Rosemberg n\u00e3o comentou sobre a situa\u00e7\u00e3o de centenas de servidores efetivos das extintas Dires, que n\u00e3o t\u00eam a menor ideia de como ficar\u00e1 o seu futuro funcional. Informa\u00e7\u00f5es do Pimenta<\/p>\n<p><img decoding=\"async\" class=\"aligncenter\" src=\"http:\/\/www.sudoestehoje.com.br\/novoportal\/wp-content\/uploads\/2014\/12\/skala-novo.jpg\" alt=\"skala novo\" \/><\/p>\n","protected":false},"excerpt":{"rendered":"<p>As mudan\u00e7as nas estruturas das secretarias estaduais de Sa\u00fade e Educa\u00e7\u00e3o, com a redu\u00e7\u00e3o do n\u00famero de regionais das duas pastas, incluindo o fechamento das Dires, foram defendidas pelo deputado estadual Rosemberg Pinto (PT). Para o parlamentar, o enxugamento das estrutura resultar\u00e1 na melhorias dos servi\u00e7os prestados pela educa\u00e7\u00e3o e sa\u00fade, o que resultou na [&hellip;]<\/p>\n","protected":false},"author":2,"featured_media":46316,"comment_status":"open","ping_status":"open","sticky":false,"template":"","format":"standard","meta":{"footnotes":"","_links_to":"","_links_to_target":""},"categories":[1],"tags":[],"class_list":["post-46315","post","type-post","status-publish","format-standard","has-post-thumbnail","hentry","category-geral"],"views":1235,"_links":{"self":[{"href":"https:\/\/www.sudoestehoje.com.br\/novoportal\/wp-json\/wp\/v2\/posts\/46315","targetHints":{"allow":["GET"]}}],"collection":[{"href":"https:\/\/www.sudoestehoje.com.br\/novoportal\/wp-json\/wp\/v2\/posts"}],"about":[{"href":"https:\/\/www.sudoestehoje.com.br\/novoportal\/wp-json\/wp\/v2\/types\/post"}],"author":[{"embeddable":true,"href":"https:\/\/www.sudoestehoje.com.br\/novoportal\/wp-json\/wp\/v2\/users\/2"}],"replies":[{"embeddable":true,"href":"https:\/\/www.sudoestehoje.com.br\/novoportal\/wp-json\/wp\/v2\/comments?post=46315"}],"version-history":[{"count":4,"href":"https:\/\/www.sudoestehoje.com.br\/novoportal\/wp-json\/wp\/v2\/posts\/46315\/revisions"}],"predecessor-version":[{"id":46320,"href":"https:\/\/www.sudoestehoje.com.br\/novoportal\/wp-json\/wp\/v2\/posts\/46315\/revisions\/46320"}],"wp:featuredmedia":[{"embeddable":true,"href":"https:\/\/www.sudoestehoje.com.br\/novoportal\/wp-json\/wp\/v2\/media\/46316"}],"wp:attachment":[{"href":"https:\/\/www.sudoestehoje.com.br\/novoportal\/wp-json\/wp\/v2\/media?parent=46315"}],"wp:term":[{"taxonomy":"category","embeddable":true,"href":"https:\/\/www.sudoestehoje.com.br\/novoportal\/wp-json\/wp\/v2\/categories?post=46315"},{"taxonomy":"post_tag","embeddable":true,"href":"https:\/\/www.sudoestehoje.com.br\/novoportal\/wp-json\/wp\/v2\/tags?post=46315"}],"curies":[{"name":"wp","href":"https:\/\/api.w.org\/{rel}","templated":true}]}}