
{"id":46307,"date":"2015-01-23T17:57:51","date_gmt":"2015-01-23T20:57:51","guid":{"rendered":"http:\/\/www.sudoestehoje.com.br\/novoportal\/?p=46307"},"modified":"2015-01-23T19:02:02","modified_gmt":"2015-01-23T22:02:02","slug":"ministro-da-fazenda-de-dilma-diz-que-seguro-desemprego-e-um-beneficio-totalmente-ultrapassado","status":"publish","type":"post","link":"https:\/\/www.sudoestehoje.com.br\/novoportal\/2015\/01\/23\/ministro-da-fazenda-de-dilma-diz-que-seguro-desemprego-e-um-beneficio-totalmente-ultrapassado\/","title":{"rendered":"MINISTRO DA FAZENDA DE DILMA DIZ QUE SEGURO-DESEMPREGO \u00c9 UM BENEF\u00cdCIO TOTALMENTE ULTRAPASSADO"},"content":{"rendered":"<div id=\"attachment_46311\" style=\"width: 510px\" class=\"wp-caption aligncenter\"><a href=\"http:\/\/www.sudoestehoje.com.br\/novoportal\/wp-content\/uploads\/2015\/01\/LEVY.jpg\"><img loading=\"lazy\" decoding=\"async\" aria-describedby=\"caption-attachment-46311\" class=\"size-full wp-image-46311\" src=\"http:\/\/www.sudoestehoje.com.br\/novoportal\/wp-content\/uploads\/2015\/01\/LEVY.jpg\" alt=\"O ministro Joaquim Levy defende reformas conservadoras, nos moldes do PSDB, que o PT tanto critica.  \" width=\"500\" height=\"306\" srcset=\"https:\/\/www.sudoestehoje.com.br\/novoportal\/wp-content\/uploads\/2015\/01\/LEVY.jpg 500w, https:\/\/www.sudoestehoje.com.br\/novoportal\/wp-content\/uploads\/2015\/01\/LEVY-150x91.jpg 150w\" sizes=\"auto, (max-width: 500px) 100vw, 500px\" \/><\/a><p id=\"caption-attachment-46311\" class=\"wp-caption-text\">O ministro Joaquim Levy defende reformas conservadoras, nos moldes do PSDB, que o PT tanto critica.<\/p><\/div>\n<p>Em entrevista ao jornal brit\u00e2nico Financial Times durante o F\u00f3rum Econ\u00f4mico Mundial na Su\u00ed\u00e7a, nesta sexta-feira (23), o ministro da Fazenda, Joaquim Levy, afirmou que o seguro-desemprego \u00e9 um benef\u00edcio &#8220;completamente ultrapassado&#8221; e disse ser necess\u00e1ria uma reforma em diversas \u00e1reas.<\/p>\n<p>Entretanto, ele afirmou que n\u00e3o ir\u00e1 alterar o Bolsa Fam\u00edlia. &#8220;O mundo est\u00e1 mudando e \u00e9 hora de o Brasil mudar&#8221;, afirmou ele, citando as economias de pa\u00edses como Estados Unidos e China. &#8220;Acho que um crescimento zero n\u00e3o pode ser descartado como possibilidade apesar de o crescimento do Brasil ser resiliente&#8221;, declarou.<\/p>\n<p><img decoding=\"async\" class=\"aligncenter\" src=\"http:\/\/www.sudoestehoje.com.br\/novoportal\/wp-content\/uploads\/2014\/09\/supermoda.png\" alt=\"supermoda\" \/><\/p>\n","protected":false},"excerpt":{"rendered":"<p>Em entrevista ao jornal brit\u00e2nico Financial Times durante o F\u00f3rum Econ\u00f4mico Mundial na Su\u00ed\u00e7a, nesta sexta-feira (23), o ministro da Fazenda, Joaquim Levy, afirmou que o seguro-desemprego \u00e9 um benef\u00edcio &#8220;completamente ultrapassado&#8221; e disse ser necess\u00e1ria uma reforma em diversas \u00e1reas. Entretanto, ele afirmou que n\u00e3o ir\u00e1 alterar o Bolsa Fam\u00edlia. &#8220;O mundo est\u00e1 mudando [&hellip;]<\/p>\n","protected":false},"author":2,"featured_media":0,"comment_status":"open","ping_status":"open","sticky":false,"template":"","format":"standard","meta":{"footnotes":"","_links_to":"","_links_to_target":""},"categories":[1],"tags":[],"class_list":["post-46307","post","type-post","status-publish","format-standard","hentry","category-geral"],"views":1116,"_links":{"self":[{"href":"https:\/\/www.sudoestehoje.com.br\/novoportal\/wp-json\/wp\/v2\/posts\/46307","targetHints":{"allow":["GET"]}}],"collection":[{"href":"https:\/\/www.sudoestehoje.com.br\/novoportal\/wp-json\/wp\/v2\/posts"}],"about":[{"href":"https:\/\/www.sudoestehoje.com.br\/novoportal\/wp-json\/wp\/v2\/types\/post"}],"author":[{"embeddable":true,"href":"https:\/\/www.sudoestehoje.com.br\/novoportal\/wp-json\/wp\/v2\/users\/2"}],"replies":[{"embeddable":true,"href":"https:\/\/www.sudoestehoje.com.br\/novoportal\/wp-json\/wp\/v2\/comments?post=46307"}],"version-history":[{"count":6,"href":"https:\/\/www.sudoestehoje.com.br\/novoportal\/wp-json\/wp\/v2\/posts\/46307\/revisions"}],"predecessor-version":[{"id":46314,"href":"https:\/\/www.sudoestehoje.com.br\/novoportal\/wp-json\/wp\/v2\/posts\/46307\/revisions\/46314"}],"wp:attachment":[{"href":"https:\/\/www.sudoestehoje.com.br\/novoportal\/wp-json\/wp\/v2\/media?parent=46307"}],"wp:term":[{"taxonomy":"category","embeddable":true,"href":"https:\/\/www.sudoestehoje.com.br\/novoportal\/wp-json\/wp\/v2\/categories?post=46307"},{"taxonomy":"post_tag","embeddable":true,"href":"https:\/\/www.sudoestehoje.com.br\/novoportal\/wp-json\/wp\/v2\/tags?post=46307"}],"curies":[{"name":"wp","href":"https:\/\/api.w.org\/{rel}","templated":true}]}}