
{"id":46289,"date":"2015-01-22T17:30:37","date_gmt":"2015-01-22T20:30:37","guid":{"rendered":"http:\/\/www.sudoestehoje.com.br\/novoportal\/?p=46289"},"modified":"2015-01-23T00:21:01","modified_gmt":"2015-01-23T03:21:01","slug":"oab-vai-contestar-no-stf-mamata-de-wagner-que-beneficia-ex-governadores","status":"publish","type":"post","link":"https:\/\/www.sudoestehoje.com.br\/novoportal\/2015\/01\/22\/oab-vai-contestar-no-stf-mamata-de-wagner-que-beneficia-ex-governadores\/","title":{"rendered":"OAB VAI CONTESTAR NO STF MAMATA DE WAGNER QUE BENEFICIA EX-GOVERNADORES"},"content":{"rendered":"<p><a href=\"http:\/\/www.sudoestehoje.com.br\/novoportal\/wp-content\/uploads\/2015\/01\/MAMATA.jpg\"><img loading=\"lazy\" decoding=\"async\" class=\"wp-image-46291 alignleft\" src=\"http:\/\/www.sudoestehoje.com.br\/novoportal\/wp-content\/uploads\/2015\/01\/MAMATA.jpg\" alt=\"MAMATA\" width=\"224\" height=\"297\" srcset=\"https:\/\/www.sudoestehoje.com.br\/novoportal\/wp-content\/uploads\/2015\/01\/MAMATA.jpg 380w, https:\/\/www.sudoestehoje.com.br\/novoportal\/wp-content\/uploads\/2015\/01\/MAMATA-113x150.jpg 113w\" sizes=\"auto, (max-width: 224px) 100vw, 224px\" \/><\/a><\/p>\n<p>A Ordem dos Advogados do Brasil &#8211; Se\u00e7\u00e3o Bahia (OAB-BA) encaminhou nesta quinta-feira (22) ao Conselho Federal da Ordem um parecer da Comiss\u00e3o de Estudos Constitucionais que aponta irregularidades na emenda \u00e0 Constitui\u00e7\u00e3o do Estado da Bahia que estabelece pens\u00e3o vital\u00edcia para os ex-governadores que exerceram pelo menos quatro anos consecutivos de mandato a partir de 1985.<\/p>\n<p>Com o movimento, que foi confirmado por Fabr\u00edcio Oliveira, vice-presidente do \u00f3rg\u00e3o, ao site Bahia Not\u00edcias, a seccional baiana da OAB espera que uma A\u00e7\u00e3o Direta de Inconstitucionalidade (Adin) seja perpetrada no Supremo Tribunal Federal (STF) em breve, pois a compet\u00eancia para julgar leis estaduais \u00e9 da corte m\u00e1xima.<\/p>\n<p>De acordo com a emenda, teriam direito ao pagamento os ex-governadores Jaques Wagner (PT), Jo\u00e3o Durval (PDT), Paulo Souto (DEM) e C\u00e9sar Borges (sem partido).<\/p>\n<p>O Fundo Financeiro da Previd\u00eancia Social dos Servidores P\u00fablicos do Estado da Bahia (Funprev) estadual ter\u00e1 que desembolsar por ano mais de R$ 1 milh\u00e3o para o pagamento da aposentadoria. Projetos de lei semelhantes em outros estados j\u00e1 foram suspensos pelo STF anteriormente.<\/p>\n<p><img decoding=\"async\" class=\"aligncenter\" src=\"http:\/\/www.sudoestehoje.com.br\/novoportal\/wp-content\/uploads\/2014\/06\/COOLEITE-PRODUTOS-500x249.jpg\" alt=\"COOLEITE PRODUTOS\" \/><\/p>\n","protected":false},"excerpt":{"rendered":"<p>A Ordem dos Advogados do Brasil &#8211; Se\u00e7\u00e3o Bahia (OAB-BA) encaminhou nesta quinta-feira (22) ao Conselho Federal da Ordem um parecer da Comiss\u00e3o de Estudos Constitucionais que aponta irregularidades na emenda \u00e0 Constitui\u00e7\u00e3o do Estado da Bahia que estabelece pens\u00e3o vital\u00edcia para os ex-governadores que exerceram pelo menos quatro anos consecutivos de mandato a partir [&hellip;]<\/p>\n","protected":false},"author":2,"featured_media":0,"comment_status":"open","ping_status":"open","sticky":false,"template":"","format":"standard","meta":{"footnotes":"","_links_to":"","_links_to_target":""},"categories":[1],"tags":[],"class_list":["post-46289","post","type-post","status-publish","format-standard","hentry","category-geral"],"views":1194,"_links":{"self":[{"href":"https:\/\/www.sudoestehoje.com.br\/novoportal\/wp-json\/wp\/v2\/posts\/46289","targetHints":{"allow":["GET"]}}],"collection":[{"href":"https:\/\/www.sudoestehoje.com.br\/novoportal\/wp-json\/wp\/v2\/posts"}],"about":[{"href":"https:\/\/www.sudoestehoje.com.br\/novoportal\/wp-json\/wp\/v2\/types\/post"}],"author":[{"embeddable":true,"href":"https:\/\/www.sudoestehoje.com.br\/novoportal\/wp-json\/wp\/v2\/users\/2"}],"replies":[{"embeddable":true,"href":"https:\/\/www.sudoestehoje.com.br\/novoportal\/wp-json\/wp\/v2\/comments?post=46289"}],"version-history":[{"count":6,"href":"https:\/\/www.sudoestehoje.com.br\/novoportal\/wp-json\/wp\/v2\/posts\/46289\/revisions"}],"predecessor-version":[{"id":46297,"href":"https:\/\/www.sudoestehoje.com.br\/novoportal\/wp-json\/wp\/v2\/posts\/46289\/revisions\/46297"}],"wp:attachment":[{"href":"https:\/\/www.sudoestehoje.com.br\/novoportal\/wp-json\/wp\/v2\/media?parent=46289"}],"wp:term":[{"taxonomy":"category","embeddable":true,"href":"https:\/\/www.sudoestehoje.com.br\/novoportal\/wp-json\/wp\/v2\/categories?post=46289"},{"taxonomy":"post_tag","embeddable":true,"href":"https:\/\/www.sudoestehoje.com.br\/novoportal\/wp-json\/wp\/v2\/tags?post=46289"}],"curies":[{"name":"wp","href":"https:\/\/api.w.org\/{rel}","templated":true}]}}