
{"id":46266,"date":"2015-01-21T10:54:05","date_gmt":"2015-01-21T13:54:05","guid":{"rendered":"http:\/\/www.sudoestehoje.com.br\/novoportal\/?p=46266"},"modified":"2015-01-21T10:57:31","modified_gmt":"2015-01-21T13:57:31","slug":"itororo-menina-de-6-anos-morre-afogada-em-piscina-no-litoral","status":"publish","type":"post","link":"https:\/\/www.sudoestehoje.com.br\/novoportal\/2015\/01\/21\/itororo-menina-de-6-anos-morre-afogada-em-piscina-no-litoral\/","title":{"rendered":"ITOROR\u00d3: MENINA DE 6 ANOS MORRE AFOGADA EM PISCINA NO LITORAL"},"content":{"rendered":"<p><a href=\"http:\/\/www.sudoestehoje.com.br\/novoportal\/wp-content\/uploads\/2015\/01\/caroline.jpg\"><img loading=\"lazy\" decoding=\"async\" class=\"aligncenter  wp-image-46267\" src=\"http:\/\/www.sudoestehoje.com.br\/novoportal\/wp-content\/uploads\/2015\/01\/caroline.jpg\" alt=\"caroline\" width=\"400\" height=\"568\" srcset=\"https:\/\/www.sudoestehoje.com.br\/novoportal\/wp-content\/uploads\/2015\/01\/caroline.jpg 303w, https:\/\/www.sudoestehoje.com.br\/novoportal\/wp-content\/uploads\/2015\/01\/caroline-105x150.jpg 105w\" sizes=\"auto, (max-width: 400px) 100vw, 400px\" \/><\/a><\/p>\n<p>Uma trag\u00e9dia acometeu a fam\u00edlia da itororoense Caroline Santos Pinheiro de 6 anos, que morreu vitima de afogamento na cidade de Ilh\u00e9us, nesta ter\u00e7a-feira. Segundo informa\u00e7\u00f5es da fam\u00edlia, Caroline passava f\u00e9rias com os av\u00f3s maternos, em um s\u00edtio em Ilh\u00e9us, quando sem que ningu\u00e9m notasse, saiu em dire\u00e7\u00e3o \u00e0 piscina.<\/p>\n<p><a href=\"http:\/\/www.sudoestehoje.com.br\/novoportal\/wp-content\/uploads\/2015\/01\/caroline-2.jpg\"><img loading=\"lazy\" decoding=\"async\" class=\"aligncenter  wp-image-46268\" src=\"http:\/\/www.sudoestehoje.com.br\/novoportal\/wp-content\/uploads\/2015\/01\/caroline-2.jpg\" alt=\"caroline 2\" width=\"400\" height=\"319\" srcset=\"https:\/\/www.sudoestehoje.com.br\/novoportal\/wp-content\/uploads\/2015\/01\/caroline-2.jpg 300w, https:\/\/www.sudoestehoje.com.br\/novoportal\/wp-content\/uploads\/2015\/01\/caroline-2-150x119.jpg 150w\" sizes=\"auto, (max-width: 400px) 100vw, 400px\" \/><\/a><\/p>\n<p>A av\u00f3 e seu esposo chamaram por seu nome, mas n\u00e3o ouviram resposta. A av\u00f3 saiu para procurar e encontrou o corpo da crian\u00e7a j\u00e1 sem vida na piscina da resid\u00eancia. O SAMU foi acionado e tentou fazer a reanima\u00e7\u00e3o da crian\u00e7a, sem obter \u00eaxito.<\/p>\n<p><a href=\"http:\/\/www.sudoestehoje.com.br\/novoportal\/wp-content\/uploads\/2015\/01\/caroline-3.jpg\"><img loading=\"lazy\" decoding=\"async\" class=\"aligncenter  wp-image-46269\" src=\"http:\/\/www.sudoestehoje.com.br\/novoportal\/wp-content\/uploads\/2015\/01\/caroline-3-500x563.jpg\" alt=\"caroline 3\" width=\"400\" height=\"450\" srcset=\"https:\/\/www.sudoestehoje.com.br\/novoportal\/wp-content\/uploads\/2015\/01\/caroline-3-500x563.jpg 500w, https:\/\/www.sudoestehoje.com.br\/novoportal\/wp-content\/uploads\/2015\/01\/caroline-3-133x150.jpg 133w, https:\/\/www.sudoestehoje.com.br\/novoportal\/wp-content\/uploads\/2015\/01\/caroline-3.jpg 587w\" sizes=\"auto, (max-width: 400px) 100vw, 400px\" \/><\/a><\/p>\n<p>Caroline era filha de Rauanne Lara e de Wagner Pinheiro, conhecido como \u201cWagner Design\u201d. O corpo de Caroline chegar\u00e1 a Itoror\u00f3 por volta das 12:00 hs desta ter\u00e7a e ser\u00e1 velado na Pax S\u00e3o Jos\u00e9 no Centro de Itoror\u00f3. A fam\u00edlia da crian\u00e7a est\u00e1 decidindo o hor\u00e1rio do enterro, j\u00e1 que aguardam a chegada da av\u00f3 paterna, que est\u00e1 viajando. Itoror\u00f3 J\u00e1<\/p>\n<p><img decoding=\"async\" class=\"aligncenter\" src=\"http:\/\/www.sudoestehoje.com.br\/novoportal\/wp-content\/uploads\/2014\/07\/Feira-do-Lar-1.png\" alt=\"Feira-do-Lar (1)\" \/><\/p>\n","protected":false},"excerpt":{"rendered":"<p>Uma trag\u00e9dia acometeu a fam\u00edlia da itororoense Caroline Santos Pinheiro de 6 anos, que morreu vitima de afogamento na cidade de Ilh\u00e9us, nesta ter\u00e7a-feira. Segundo informa\u00e7\u00f5es da fam\u00edlia, Caroline passava f\u00e9rias com os av\u00f3s maternos, em um s\u00edtio em Ilh\u00e9us, quando sem que ningu\u00e9m notasse, saiu em dire\u00e7\u00e3o \u00e0 piscina. A av\u00f3 e seu esposo [&hellip;]<\/p>\n","protected":false},"author":2,"featured_media":0,"comment_status":"open","ping_status":"open","sticky":false,"template":"","format":"standard","meta":{"footnotes":"","_links_to":"","_links_to_target":""},"categories":[1],"tags":[],"class_list":["post-46266","post","type-post","status-publish","format-standard","hentry","category-geral"],"views":4319,"_links":{"self":[{"href":"https:\/\/www.sudoestehoje.com.br\/novoportal\/wp-json\/wp\/v2\/posts\/46266","targetHints":{"allow":["GET"]}}],"collection":[{"href":"https:\/\/www.sudoestehoje.com.br\/novoportal\/wp-json\/wp\/v2\/posts"}],"about":[{"href":"https:\/\/www.sudoestehoje.com.br\/novoportal\/wp-json\/wp\/v2\/types\/post"}],"author":[{"embeddable":true,"href":"https:\/\/www.sudoestehoje.com.br\/novoportal\/wp-json\/wp\/v2\/users\/2"}],"replies":[{"embeddable":true,"href":"https:\/\/www.sudoestehoje.com.br\/novoportal\/wp-json\/wp\/v2\/comments?post=46266"}],"version-history":[{"count":4,"href":"https:\/\/www.sudoestehoje.com.br\/novoportal\/wp-json\/wp\/v2\/posts\/46266\/revisions"}],"predecessor-version":[{"id":46273,"href":"https:\/\/www.sudoestehoje.com.br\/novoportal\/wp-json\/wp\/v2\/posts\/46266\/revisions\/46273"}],"wp:attachment":[{"href":"https:\/\/www.sudoestehoje.com.br\/novoportal\/wp-json\/wp\/v2\/media?parent=46266"}],"wp:term":[{"taxonomy":"category","embeddable":true,"href":"https:\/\/www.sudoestehoje.com.br\/novoportal\/wp-json\/wp\/v2\/categories?post=46266"},{"taxonomy":"post_tag","embeddable":true,"href":"https:\/\/www.sudoestehoje.com.br\/novoportal\/wp-json\/wp\/v2\/tags?post=46266"}],"curies":[{"name":"wp","href":"https:\/\/api.w.org\/{rel}","templated":true}]}}