
{"id":46215,"date":"2015-01-19T20:44:58","date_gmt":"2015-01-19T23:44:58","guid":{"rendered":"http:\/\/www.sudoestehoje.com.br\/novoportal\/?p=46215"},"modified":"2015-01-20T10:10:04","modified_gmt":"2015-01-20T13:10:04","slug":"itabuna-ganha-novo-sac-itapetinga-vai-ganhar-um-defuntodromo","status":"publish","type":"post","link":"https:\/\/www.sudoestehoje.com.br\/novoportal\/2015\/01\/19\/itabuna-ganha-novo-sac-itapetinga-vai-ganhar-um-defuntodromo\/","title":{"rendered":"ITABUNA GANHA NOVO SAC, ITAPETINGA VAI GANHAR UM &#8220;DEFUNT\u00d3DROMO&#8221;"},"content":{"rendered":"<p><a href=\"http:\/\/www.sudoestehoje.com.br\/novoportal\/wp-content\/uploads\/2015\/01\/sac-itabuna.jpg\"><img loading=\"lazy\" decoding=\"async\" class=\"aligncenter size-medium wp-image-46217\" src=\"http:\/\/www.sudoestehoje.com.br\/novoportal\/wp-content\/uploads\/2015\/01\/sac-itabuna-500x271.jpg\" alt=\"sac itabuna\" width=\"500\" height=\"271\" srcset=\"https:\/\/www.sudoestehoje.com.br\/novoportal\/wp-content\/uploads\/2015\/01\/sac-itabuna-500x271.jpg 500w, https:\/\/www.sudoestehoje.com.br\/novoportal\/wp-content\/uploads\/2015\/01\/sac-itabuna-150x81.jpg 150w, https:\/\/www.sudoestehoje.com.br\/novoportal\/wp-content\/uploads\/2015\/01\/sac-itabuna.jpg 590w\" sizes=\"auto, (max-width: 500px) 100vw, 500px\" \/><\/a><\/p>\n<p>Uma nova unidade do Servi\u00e7o de Atendimento ao Cidad\u00e3o (SAC) foi inaugurada pelo governador Rui Costa no interior do estado, nesta segunda-feira (19), desta vez em Itabuna, no sul da Bahia. O posto localizado no Shopping Jequitib\u00e1 vai funcionar de segunda a sexta-feira, das 9h \u00e0s 18h, com capacidade para realizar 30 mil atendimentos, por m\u00eas, alcan\u00e7ando a popula\u00e7\u00e3o de 89 munic\u00edpios da regi\u00e3o.<\/p>\n<p>Em Itapetinga, cidade polo de uma importante micro-regi\u00e3o, com popula\u00e7\u00e3o em torno de 80 mil habitantes, os moradores ainda precisam esperar a chegada do Sac M\u00f3vel, que s\u00f3 aparece de ano em ano, para tirar uma simples carteira de identidade, porque o prefeito da cidade deu prefer\u00eancia a um &#8216;Defunt\u00f3dromo&#8217; (IML), ao inv\u00e9s de lutar por um SAC, que \u00e9 muito mais \u00fatil para quem ainda est\u00e1 vivo.<\/p>\n<p>O gosto &#8216;sucupiriano&#8217; do prefeito \u00e9 assustador&#8230;<\/p>\n<p><strong><em>Por Davi Ferraz<\/em><\/strong><\/p>\n<p><img decoding=\"async\" class=\"aligncenter\" src=\"http:\/\/www.sudoestehoje.com.br\/novoportal\/wp-content\/uploads\/2014\/07\/Feira-do-Lar-1.png\" alt=\"Feira-do-Lar (1)\" \/><\/p>\n","protected":false},"excerpt":{"rendered":"<p>Uma nova unidade do Servi\u00e7o de Atendimento ao Cidad\u00e3o (SAC) foi inaugurada pelo governador Rui Costa no interior do estado, nesta segunda-feira (19), desta vez em Itabuna, no sul da Bahia. O posto localizado no Shopping Jequitib\u00e1 vai funcionar de segunda a sexta-feira, das 9h \u00e0s 18h, com capacidade para realizar 30 mil atendimentos, por [&hellip;]<\/p>\n","protected":false},"author":2,"featured_media":0,"comment_status":"open","ping_status":"open","sticky":false,"template":"","format":"standard","meta":{"footnotes":"","_links_to":"","_links_to_target":""},"categories":[1],"tags":[],"class_list":["post-46215","post","type-post","status-publish","format-standard","hentry","category-geral"],"views":1913,"_links":{"self":[{"href":"https:\/\/www.sudoestehoje.com.br\/novoportal\/wp-json\/wp\/v2\/posts\/46215","targetHints":{"allow":["GET"]}}],"collection":[{"href":"https:\/\/www.sudoestehoje.com.br\/novoportal\/wp-json\/wp\/v2\/posts"}],"about":[{"href":"https:\/\/www.sudoestehoje.com.br\/novoportal\/wp-json\/wp\/v2\/types\/post"}],"author":[{"embeddable":true,"href":"https:\/\/www.sudoestehoje.com.br\/novoportal\/wp-json\/wp\/v2\/users\/2"}],"replies":[{"embeddable":true,"href":"https:\/\/www.sudoestehoje.com.br\/novoportal\/wp-json\/wp\/v2\/comments?post=46215"}],"version-history":[{"count":4,"href":"https:\/\/www.sudoestehoje.com.br\/novoportal\/wp-json\/wp\/v2\/posts\/46215\/revisions"}],"predecessor-version":[{"id":46231,"href":"https:\/\/www.sudoestehoje.com.br\/novoportal\/wp-json\/wp\/v2\/posts\/46215\/revisions\/46231"}],"wp:attachment":[{"href":"https:\/\/www.sudoestehoje.com.br\/novoportal\/wp-json\/wp\/v2\/media?parent=46215"}],"wp:term":[{"taxonomy":"category","embeddable":true,"href":"https:\/\/www.sudoestehoje.com.br\/novoportal\/wp-json\/wp\/v2\/categories?post=46215"},{"taxonomy":"post_tag","embeddable":true,"href":"https:\/\/www.sudoestehoje.com.br\/novoportal\/wp-json\/wp\/v2\/tags?post=46215"}],"curies":[{"name":"wp","href":"https:\/\/api.w.org\/{rel}","templated":true}]}}