
{"id":46212,"date":"2015-01-19T20:23:48","date_gmt":"2015-01-19T23:23:48","guid":{"rendered":"http:\/\/www.sudoestehoje.com.br\/novoportal\/?p=46212"},"modified":"2015-01-20T10:11:17","modified_gmt":"2015-01-20T13:11:17","slug":"apagao-atinge-as-regioes-sul-sudeste-e-norte-do-brasil","status":"publish","type":"post","link":"https:\/\/www.sudoestehoje.com.br\/novoportal\/2015\/01\/19\/apagao-atinge-as-regioes-sul-sudeste-e-norte-do-brasil\/","title":{"rendered":"APAG\u00c3O ATINGE AS REGI\u00d5ES SUL, SUDESTE E NORTE DO BRASIL"},"content":{"rendered":"<p><a href=\"http:\/\/www.sudoestehoje.com.br\/novoportal\/wp-content\/uploads\/2015\/01\/APAG\u00c3O-1.jpg\"><img loading=\"lazy\" decoding=\"async\" class=\"aligncenter size-medium wp-image-46213\" src=\"http:\/\/www.sudoestehoje.com.br\/novoportal\/wp-content\/uploads\/2015\/01\/APAG\u00c3O-1-500x271.jpg\" alt=\"APAG\u00c3O 1\" width=\"500\" height=\"271\" srcset=\"https:\/\/www.sudoestehoje.com.br\/novoportal\/wp-content\/uploads\/2015\/01\/APAG\u00c3O-1-500x271.jpg 500w, https:\/\/www.sudoestehoje.com.br\/novoportal\/wp-content\/uploads\/2015\/01\/APAG\u00c3O-1-150x81.jpg 150w, https:\/\/www.sudoestehoje.com.br\/novoportal\/wp-content\/uploads\/2015\/01\/APAG\u00c3O-1.jpg 590w\" sizes=\"auto, (max-width: 500px) 100vw, 500px\" \/><\/a><\/p>\n<p>Consumidores de energia relatam em redes sociais na tarde desta segunda-feira, 19, falta de luz nas regi\u00f5es Sul, Sudeste e Norte, nos seguintes Estados: Paran\u00e1, S\u00e3o Paulo, Rio de Janeiro, Esp\u00edrito Santo, Minas Gerais e Amap\u00e1. At\u00e9 as 16h15, n\u00e3o havia posicionamento oficial do Operador Nacional do Sistema El\u00e9trico (ONS).<\/p>\n<p>A Eletropaulo, no entanto, informou por meio de nota \u00e0 imprensa que o ONS orientou o corte de energia de mais de 700 Megawatts. A empresa diz que o Centro de Opera\u00e7\u00f5es da Distribuidora acompanha a situa\u00e7\u00e3o e \u201csegue monitorando o sistema integrado por meio do ONS\u201d. Poucos minutos depois, em novo comunicado, informou que, \u201cseguindo orienta\u00e7\u00e3o do ONS (Operador Nacional do Sistema El\u00e9trico), restabeleceu a totalidade de sua carga de energia distribu\u00edda \u00e0s 15h50\u2033.<\/p>\n<p><img decoding=\"async\" class=\"aligncenter\" src=\"http:\/\/www.sudoestehoje.com.br\/novoportal\/wp-content\/uploads\/2014\/11\/Logomarca-HB-Sementes-500x134.jpg\" alt=\"Logomarca HB Sementes\" \/><\/p>\n","protected":false},"excerpt":{"rendered":"<p>Consumidores de energia relatam em redes sociais na tarde desta segunda-feira, 19, falta de luz nas regi\u00f5es Sul, Sudeste e Norte, nos seguintes Estados: Paran\u00e1, S\u00e3o Paulo, Rio de Janeiro, Esp\u00edrito Santo, Minas Gerais e Amap\u00e1. At\u00e9 as 16h15, n\u00e3o havia posicionamento oficial do Operador Nacional do Sistema El\u00e9trico (ONS). A Eletropaulo, no entanto, informou [&hellip;]<\/p>\n","protected":false},"author":2,"featured_media":0,"comment_status":"open","ping_status":"open","sticky":false,"template":"","format":"standard","meta":{"footnotes":"","_links_to":"","_links_to_target":""},"categories":[1],"tags":[],"class_list":["post-46212","post","type-post","status-publish","format-standard","hentry","category-geral"],"views":1874,"_links":{"self":[{"href":"https:\/\/www.sudoestehoje.com.br\/novoportal\/wp-json\/wp\/v2\/posts\/46212","targetHints":{"allow":["GET"]}}],"collection":[{"href":"https:\/\/www.sudoestehoje.com.br\/novoportal\/wp-json\/wp\/v2\/posts"}],"about":[{"href":"https:\/\/www.sudoestehoje.com.br\/novoportal\/wp-json\/wp\/v2\/types\/post"}],"author":[{"embeddable":true,"href":"https:\/\/www.sudoestehoje.com.br\/novoportal\/wp-json\/wp\/v2\/users\/2"}],"replies":[{"embeddable":true,"href":"https:\/\/www.sudoestehoje.com.br\/novoportal\/wp-json\/wp\/v2\/comments?post=46212"}],"version-history":[{"count":2,"href":"https:\/\/www.sudoestehoje.com.br\/novoportal\/wp-json\/wp\/v2\/posts\/46212\/revisions"}],"predecessor-version":[{"id":46232,"href":"https:\/\/www.sudoestehoje.com.br\/novoportal\/wp-json\/wp\/v2\/posts\/46212\/revisions\/46232"}],"wp:attachment":[{"href":"https:\/\/www.sudoestehoje.com.br\/novoportal\/wp-json\/wp\/v2\/media?parent=46212"}],"wp:term":[{"taxonomy":"category","embeddable":true,"href":"https:\/\/www.sudoestehoje.com.br\/novoportal\/wp-json\/wp\/v2\/categories?post=46212"},{"taxonomy":"post_tag","embeddable":true,"href":"https:\/\/www.sudoestehoje.com.br\/novoportal\/wp-json\/wp\/v2\/tags?post=46212"}],"curies":[{"name":"wp","href":"https:\/\/api.w.org\/{rel}","templated":true}]}}