
{"id":46196,"date":"2015-01-16T23:05:42","date_gmt":"2015-01-17T02:05:42","guid":{"rendered":"http:\/\/www.sudoestehoje.com.br\/novoportal\/?p=46196"},"modified":"2015-01-16T23:05:41","modified_gmt":"2015-01-17T02:05:41","slug":"viacao-itapetinga-e-comutran-querem-barrar-transporte-alternativo","status":"publish","type":"post","link":"https:\/\/www.sudoestehoje.com.br\/novoportal\/2015\/01\/16\/viacao-itapetinga-e-comutran-querem-barrar-transporte-alternativo\/","title":{"rendered":"VIA\u00c7\u00c3O ITAPETINGA E COMUTRAN QUEREM BARRAR TRANSPORTE ALTERNATIVO"},"content":{"rendered":"<div id=\"attachment_46198\" style=\"width: 510px\" class=\"wp-caption aligncenter\"><a href=\"http:\/\/www.sudoestehoje.com.br\/novoportal\/wp-content\/uploads\/2015\/01\/via\u00e7\u00e3o-juninho-jo\u00e3o-carlos-e-alexandre.jpg\"><img loading=\"lazy\" decoding=\"async\" aria-describedby=\"caption-attachment-46198\" class=\"size-full wp-image-46198\" src=\"http:\/\/www.sudoestehoje.com.br\/novoportal\/wp-content\/uploads\/2015\/01\/via\u00e7\u00e3o-juninho-jo\u00e3o-carlos-e-alexandre.jpg\" alt=\"Ao lado do vereador Jo\u00e3o Carlos, gerente da Via\u00e7\u00e3o Itapetinga exigiu da Comutran o fim do transporte alternativo em Itapetinga e distritos.\" width=\"500\" height=\"375\" srcset=\"https:\/\/www.sudoestehoje.com.br\/novoportal\/wp-content\/uploads\/2015\/01\/via\u00e7\u00e3o-juninho-jo\u00e3o-carlos-e-alexandre.jpg 500w, https:\/\/www.sudoestehoje.com.br\/novoportal\/wp-content\/uploads\/2015\/01\/via\u00e7\u00e3o-juninho-jo\u00e3o-carlos-e-alexandre-150x112.jpg 150w\" sizes=\"auto, (max-width: 500px) 100vw, 500px\" \/><\/a><p id=\"caption-attachment-46198\" class=\"wp-caption-text\">Ao lado do vereador Jo\u00e3o Carlos, o gerente da Via\u00e7\u00e3o Itapetinga exigiu da Comutran o fim do transporte alternativo em Itapetinga e distritos. Foto C\u00e9sar Soares<\/p><\/div>\n<p>Por exig\u00eancia da dire\u00e7\u00e3o da Via\u00e7\u00e3o Itapetinga, que alega ter exclusividade no transporte p\u00fablico no munic\u00edpio, incluindo a sede e os distritos, o coordenador da Comutran, Junior Fagundes, informou que vai notificar os topiqueiros que fazem transporte alternativo no munic\u00edpio, para encerrarem suas atividades.<em> &#8220;a Comutran ir\u00e1 cumprir com seu papel e vai fazer a fiscaliza\u00e7\u00e3o como deve ser feita&#8221;<\/em>, declarou Junior Fagundes.<\/p>\n<p>A &#8216;exclusividade&#8217; defendida pela Via\u00e7\u00e3o Itapetinga adv\u00e9m de um contrato irregular firmado com a prefeitura, na calada da noite, sem o regular processo licitat\u00f3rio e autoriza\u00e7\u00e3o legislativa. No suspeito contrato, a empresa concession\u00e1ria recebeu autoriza\u00e7\u00e3o para reajustar o tarifa do transporte coletivo no munic\u00edpio, \u00e0 revelia da lei, pegando toda a popula\u00e7\u00e3o de surpresa.<\/p>\n<p>Na defesa das descabidas exig\u00eancias e interesses escusos da Via\u00e7\u00e3o Itapetinga, atua o interesseiro vereador Jo\u00e3o Carlos (PMDB), que tamb\u00e9m participou da reuni\u00e3o na Comutran, onde foi exigido a apreens\u00e3o das Topiks que circulam no munic\u00edpio.<\/p>\n<p>Est\u00e1 a\u00ed uma boa oportunidade para o prefeito interino Al\u00e9cio Chaves mostrar o seu &#8216;lado crist\u00e3o&#8217; e autoridade, barrando essa injusta persegui\u00e7\u00e3o contra as pessoas que ganham a vida fazendo o transporte alternativo na cidade.<\/p>\n<p>Ser\u00e1 que ele vai encarar?<\/p>\n<p><strong><em>Por Davi Ferraz\u00a0<\/em><\/strong><\/p>\n<p><img decoding=\"async\" class=\"aligncenter\" src=\"http:\/\/www.sudoestehoje.com.br\/novoportal\/wp-content\/uploads\/2014\/07\/Feira-do-Lar-1.png\" alt=\"Feira-do-Lar (1)\" \/><\/p>\n","protected":false},"excerpt":{"rendered":"<p>Por exig\u00eancia da dire\u00e7\u00e3o da Via\u00e7\u00e3o Itapetinga, que alega ter exclusividade no transporte p\u00fablico no munic\u00edpio, incluindo a sede e os distritos, o coordenador da Comutran, Junior Fagundes, informou que vai notificar os topiqueiros que fazem transporte alternativo no munic\u00edpio, para encerrarem suas atividades. &#8220;a Comutran ir\u00e1 cumprir com seu papel e vai fazer a [&hellip;]<\/p>\n","protected":false},"author":2,"featured_media":0,"comment_status":"open","ping_status":"open","sticky":false,"template":"","format":"standard","meta":{"footnotes":"","_links_to":"","_links_to_target":""},"categories":[1],"tags":[],"class_list":["post-46196","post","type-post","status-publish","format-standard","hentry","category-geral"],"views":1772,"_links":{"self":[{"href":"https:\/\/www.sudoestehoje.com.br\/novoportal\/wp-json\/wp\/v2\/posts\/46196","targetHints":{"allow":["GET"]}}],"collection":[{"href":"https:\/\/www.sudoestehoje.com.br\/novoportal\/wp-json\/wp\/v2\/posts"}],"about":[{"href":"https:\/\/www.sudoestehoje.com.br\/novoportal\/wp-json\/wp\/v2\/types\/post"}],"author":[{"embeddable":true,"href":"https:\/\/www.sudoestehoje.com.br\/novoportal\/wp-json\/wp\/v2\/users\/2"}],"replies":[{"embeddable":true,"href":"https:\/\/www.sudoestehoje.com.br\/novoportal\/wp-json\/wp\/v2\/comments?post=46196"}],"version-history":[{"count":6,"href":"https:\/\/www.sudoestehoje.com.br\/novoportal\/wp-json\/wp\/v2\/posts\/46196\/revisions"}],"predecessor-version":[{"id":46204,"href":"https:\/\/www.sudoestehoje.com.br\/novoportal\/wp-json\/wp\/v2\/posts\/46196\/revisions\/46204"}],"wp:attachment":[{"href":"https:\/\/www.sudoestehoje.com.br\/novoportal\/wp-json\/wp\/v2\/media?parent=46196"}],"wp:term":[{"taxonomy":"category","embeddable":true,"href":"https:\/\/www.sudoestehoje.com.br\/novoportal\/wp-json\/wp\/v2\/categories?post=46196"},{"taxonomy":"post_tag","embeddable":true,"href":"https:\/\/www.sudoestehoje.com.br\/novoportal\/wp-json\/wp\/v2\/tags?post=46196"}],"curies":[{"name":"wp","href":"https:\/\/api.w.org\/{rel}","templated":true}]}}