
{"id":46186,"date":"2015-01-16T09:25:56","date_gmt":"2015-01-16T12:25:56","guid":{"rendered":"http:\/\/www.sudoestehoje.com.br\/novoportal\/?p=46186"},"modified":"2015-01-16T20:56:58","modified_gmt":"2015-01-16T23:56:58","slug":"ptb-e-psb-articulam-candidatura-propria-para-prefeitura-de-salvador","status":"publish","type":"post","link":"https:\/\/www.sudoestehoje.com.br\/novoportal\/2015\/01\/16\/ptb-e-psb-articulam-candidatura-propria-para-prefeitura-de-salvador\/","title":{"rendered":"PTB E PSB ARTICULAM CANDIDATURA PR\u00d3PRIA PARA PREFEITURA DE SALVADOR"},"content":{"rendered":"<div id=\"attachment_46187\" style=\"width: 509px\" class=\"wp-caption aligncenter\"><a href=\"http:\/\/www.sudoestehoje.com.br\/novoportal\/wp-content\/uploads\/2015\/01\/PTB-E-PSB.jpg\"><img loading=\"lazy\" decoding=\"async\" aria-describedby=\"caption-attachment-46187\" class=\" wp-image-46187\" src=\"http:\/\/www.sudoestehoje.com.br\/novoportal\/wp-content\/uploads\/2015\/01\/PTB-E-PSB.jpg\" alt=\"L\u00eddice da Mata\" width=\"499\" height=\"368\" srcset=\"https:\/\/www.sudoestehoje.com.br\/novoportal\/wp-content\/uploads\/2015\/01\/PTB-E-PSB.jpg 380w, https:\/\/www.sudoestehoje.com.br\/novoportal\/wp-content\/uploads\/2015\/01\/PTB-E-PSB-150x110.jpg 150w\" sizes=\"auto, (max-width: 499px) 100vw, 499px\" \/><\/a><p id=\"caption-attachment-46187\" class=\"wp-caption-text\">L\u00eddice da Mata, Ant\u00f4nio Brito e Edvaldo Brito podem marchar juntos na disputa pela prefeitura de Salvador, em 2016.<\/p><\/div>\n<p>O PTB e o PSB se articulam para lan\u00e7ar candidatura pr\u00f3pria para concorrer \u00e0 prefeitura de Salvador em 2016. A senadora L\u00eddice da Mata (PSB), o deputado federal Antonio Brito e o vereador Edvaldo Brito \u2013 ambos petebistas &#8211; se encontraram no cortejo do Bonfim nesta quinta-feira (15) e discutiram formas de atua\u00e7\u00e3o.<\/p>\n<p>Eles devem promover semin\u00e1rios a partir de mar\u00e7o para discutir os problemas da capital baiana e apresentar sugest\u00f5es de solu\u00e7\u00e3o, abrangendo principalmente mobilidade, moradia e tributa\u00e7\u00e3o justa.<\/p>\n<p><img decoding=\"async\" class=\"aligncenter\" src=\"http:\/\/www.sudoestehoje.com.br\/novoportal\/wp-content\/uploads\/2015\/01\/skala-2015-500x166.jpg\" alt=\"skala 2015\" \/><\/p>\n","protected":false},"excerpt":{"rendered":"<p>O PTB e o PSB se articulam para lan\u00e7ar candidatura pr\u00f3pria para concorrer \u00e0 prefeitura de Salvador em 2016. A senadora L\u00eddice da Mata (PSB), o deputado federal Antonio Brito e o vereador Edvaldo Brito \u2013 ambos petebistas &#8211; se encontraram no cortejo do Bonfim nesta quinta-feira (15) e discutiram formas de atua\u00e7\u00e3o. Eles devem [&hellip;]<\/p>\n","protected":false},"author":2,"featured_media":0,"comment_status":"open","ping_status":"open","sticky":false,"template":"","format":"standard","meta":{"footnotes":"","_links_to":"","_links_to_target":""},"categories":[1],"tags":[],"class_list":["post-46186","post","type-post","status-publish","format-standard","hentry","category-geral"],"views":1160,"_links":{"self":[{"href":"https:\/\/www.sudoestehoje.com.br\/novoportal\/wp-json\/wp\/v2\/posts\/46186","targetHints":{"allow":["GET"]}}],"collection":[{"href":"https:\/\/www.sudoestehoje.com.br\/novoportal\/wp-json\/wp\/v2\/posts"}],"about":[{"href":"https:\/\/www.sudoestehoje.com.br\/novoportal\/wp-json\/wp\/v2\/types\/post"}],"author":[{"embeddable":true,"href":"https:\/\/www.sudoestehoje.com.br\/novoportal\/wp-json\/wp\/v2\/users\/2"}],"replies":[{"embeddable":true,"href":"https:\/\/www.sudoestehoje.com.br\/novoportal\/wp-json\/wp\/v2\/comments?post=46186"}],"version-history":[{"count":2,"href":"https:\/\/www.sudoestehoje.com.br\/novoportal\/wp-json\/wp\/v2\/posts\/46186\/revisions"}],"predecessor-version":[{"id":46203,"href":"https:\/\/www.sudoestehoje.com.br\/novoportal\/wp-json\/wp\/v2\/posts\/46186\/revisions\/46203"}],"wp:attachment":[{"href":"https:\/\/www.sudoestehoje.com.br\/novoportal\/wp-json\/wp\/v2\/media?parent=46186"}],"wp:term":[{"taxonomy":"category","embeddable":true,"href":"https:\/\/www.sudoestehoje.com.br\/novoportal\/wp-json\/wp\/v2\/categories?post=46186"},{"taxonomy":"post_tag","embeddable":true,"href":"https:\/\/www.sudoestehoje.com.br\/novoportal\/wp-json\/wp\/v2\/tags?post=46186"}],"curies":[{"name":"wp","href":"https:\/\/api.w.org\/{rel}","templated":true}]}}