
{"id":46172,"date":"2015-01-16T00:11:05","date_gmt":"2015-01-16T03:11:05","guid":{"rendered":"http:\/\/www.sudoestehoje.com.br\/novoportal\/?p=46172"},"modified":"2015-01-16T00:54:37","modified_gmt":"2015-01-16T03:54:37","slug":"papa-francisco-diz-que-nao-se-pode-ofender-nem-provocar-religiao","status":"publish","type":"post","link":"https:\/\/www.sudoestehoje.com.br\/novoportal\/2015\/01\/16\/papa-francisco-diz-que-nao-se-pode-ofender-nem-provocar-religiao\/","title":{"rendered":"PAPA FRANCISCO DIZ QUE N\u00c3O SE PODE OFENDER NEM PROVOCAR RELIGI\u00c3O"},"content":{"rendered":"<div><a href=\"http:\/\/www.sudoestehoje.com.br\/novoportal\/wp-content\/uploads\/2015\/01\/PAPA.jpeg\"><img loading=\"lazy\" decoding=\"async\" class=\"aligncenter size-full wp-image-46173\" src=\"http:\/\/www.sudoestehoje.com.br\/novoportal\/wp-content\/uploads\/2015\/01\/PAPA.jpeg\" alt=\"PAPA\" width=\"500\" height=\"306\" srcset=\"https:\/\/www.sudoestehoje.com.br\/novoportal\/wp-content\/uploads\/2015\/01\/PAPA.jpeg 500w, https:\/\/www.sudoestehoje.com.br\/novoportal\/wp-content\/uploads\/2015\/01\/PAPA-150x91.jpeg 150w\" sizes=\"auto, (max-width: 500px) 100vw, 500px\" \/><\/a><\/div>\n<div>O papa Francisco afirmou a bordo de seu avi\u00e3o que voava entre o Sri Lanka e as Filipinas, nesta quinta-feira (15), que a liberdade de express\u00e3o tem seus limites e n\u00e3o se pode provocar nem ofender a religi\u00e3o. Segundo o papa, tanto a liberdade de express\u00e3o quanto a religiosa s\u00e3o direitos humanos fundamentais. &#8220;Temos a obriga\u00e7\u00e3o de falar abertamente, de ter essa liberdade, mas sem ofender&#8221;, afirmou o pont\u00edfice.<\/div>\n<div><\/div>\n<div>A fala do papa, mesmo que de maneira indireta, faz uma refer\u00eancia ao ataque ao &#8220;Charlie Hebdo&#8221;. A revista \u00e9 conhecida por satirizar religi\u00f5es. Segundo Francisco, \u00e9 &#8220;abomin\u00e1vel matar em nome de Deus&#8221;, mas tamb\u00e9m \u00e9 errado &#8220;insultar religi\u00f5es&#8221;. O pr\u00f3prio Francisco j\u00e1 foi alvo das s\u00e1tiras do Charlie Hebdo.<\/div>\n<div><img decoding=\"async\" class=\"aligncenter\" src=\"http:\/\/www.sudoestehoje.com.br\/novoportal\/wp-content\/uploads\/2014\/12\/skala-novo.jpg\" alt=\"skala novo\" \/><\/div>\n","protected":false},"excerpt":{"rendered":"<p>O papa Francisco afirmou a bordo de seu avi\u00e3o que voava entre o Sri Lanka e as Filipinas, nesta quinta-feira (15), que a liberdade de express\u00e3o tem seus limites e n\u00e3o se pode provocar nem ofender a religi\u00e3o. Segundo o papa, tanto a liberdade de express\u00e3o quanto a religiosa s\u00e3o direitos humanos fundamentais. &#8220;Temos a [&hellip;]<\/p>\n","protected":false},"author":2,"featured_media":0,"comment_status":"open","ping_status":"open","sticky":false,"template":"","format":"standard","meta":{"footnotes":"","_links_to":"","_links_to_target":""},"categories":[1],"tags":[],"class_list":["post-46172","post","type-post","status-publish","format-standard","hentry","category-geral"],"views":1055,"_links":{"self":[{"href":"https:\/\/www.sudoestehoje.com.br\/novoportal\/wp-json\/wp\/v2\/posts\/46172","targetHints":{"allow":["GET"]}}],"collection":[{"href":"https:\/\/www.sudoestehoje.com.br\/novoportal\/wp-json\/wp\/v2\/posts"}],"about":[{"href":"https:\/\/www.sudoestehoje.com.br\/novoportal\/wp-json\/wp\/v2\/types\/post"}],"author":[{"embeddable":true,"href":"https:\/\/www.sudoestehoje.com.br\/novoportal\/wp-json\/wp\/v2\/users\/2"}],"replies":[{"embeddable":true,"href":"https:\/\/www.sudoestehoje.com.br\/novoportal\/wp-json\/wp\/v2\/comments?post=46172"}],"version-history":[{"count":2,"href":"https:\/\/www.sudoestehoje.com.br\/novoportal\/wp-json\/wp\/v2\/posts\/46172\/revisions"}],"predecessor-version":[{"id":46175,"href":"https:\/\/www.sudoestehoje.com.br\/novoportal\/wp-json\/wp\/v2\/posts\/46172\/revisions\/46175"}],"wp:attachment":[{"href":"https:\/\/www.sudoestehoje.com.br\/novoportal\/wp-json\/wp\/v2\/media?parent=46172"}],"wp:term":[{"taxonomy":"category","embeddable":true,"href":"https:\/\/www.sudoestehoje.com.br\/novoportal\/wp-json\/wp\/v2\/categories?post=46172"},{"taxonomy":"post_tag","embeddable":true,"href":"https:\/\/www.sudoestehoje.com.br\/novoportal\/wp-json\/wp\/v2\/tags?post=46172"}],"curies":[{"name":"wp","href":"https:\/\/api.w.org\/{rel}","templated":true}]}}