
{"id":46166,"date":"2015-01-16T01:11:54","date_gmt":"2015-01-16T04:11:54","guid":{"rendered":"http:\/\/www.sudoestehoje.com.br\/novoportal\/?p=46166"},"modified":"2015-01-16T01:11:35","modified_gmt":"2015-01-16T04:11:35","slug":"macarani-armando-porto-pode-lancar-heraldo-rocha-para-prefeito","status":"publish","type":"post","link":"https:\/\/www.sudoestehoje.com.br\/novoportal\/2015\/01\/16\/macarani-armando-porto-pode-lancar-heraldo-rocha-para-prefeito\/","title":{"rendered":"MACARANI: ARMANDO PORTO PODE LAN\u00c7AR HERALDO ROCHA PARA PREFEITO"},"content":{"rendered":"<div id=\"attachment_46170\" style=\"width: 450px\" class=\"wp-caption aligncenter\"><a href=\"http:\/\/www.sudoestehoje.com.br\/novoportal\/wp-content\/uploads\/2015\/01\/heraldo-1.jpg\"><img loading=\"lazy\" decoding=\"async\" aria-describedby=\"caption-attachment-46170\" class=\"size-full wp-image-46170\" src=\"http:\/\/www.sudoestehoje.com.br\/novoportal\/wp-content\/uploads\/2015\/01\/heraldo-1.jpg\" alt=\"Armando Porto estuda a possibilidade de lan\u00e7ar o amigo Heraldo Rocha para concorrer \u00e0 prefeitura de Macarani, em 2016.\" width=\"440\" height=\"330\" srcset=\"https:\/\/www.sudoestehoje.com.br\/novoportal\/wp-content\/uploads\/2015\/01\/heraldo-1.jpg 440w, https:\/\/www.sudoestehoje.com.br\/novoportal\/wp-content\/uploads\/2015\/01\/heraldo-1-150x112.jpg 150w\" sizes=\"auto, (max-width: 440px) 100vw, 440px\" \/><\/a><p id=\"caption-attachment-46170\" class=\"wp-caption-text\">Armando Porto estuda a possibilidade de lan\u00e7ar o amigo Heraldo Rocha para concorrer \u00e0 prefeitura de Macarani, em 2016.<\/p><\/div>\n<p>Segundo mat\u00e9ria postada no prestigiado blog Pol\u00edticos do Sul da Bahia, o ex-deputado estadual Heraldo Rocha (DEM) est\u00e1 estudando a possibilidade de ser candidato a prefeito de Macarani. Heraldo foi o candidato mais votado em Macarani, na elei\u00e7\u00e3o passada, com 3.539 votos.<\/p>\n<p>Atualmente, ele \u00e9 eleitor de Salvador, mas tem at\u00e9 o final de setembro deste ano para mudar o seu domicilio eleitoral para Macarani, caso quaira ser candidato.<\/p>\n<p>Heraldo Rocha tem o ex-prefeito Armando Porto como seu principal aliado no munic\u00edpio, pol\u00edtico que \u00e9 considerado a maior lideran\u00e7a pol\u00edtica de Macarani.<\/p>\n<p>Entretanto, se o pr\u00f3prio \u00a0Armando resolver encarar a candidatura a prefeito, \u00e9 evidente que Heraldo abrir\u00e1 m\u00e3o da sua pretens\u00e3o, apoiando com toda for\u00e7a o seu correligion\u00e1rio.<\/p>\n<p><img decoding=\"async\" class=\"aligncenter\" src=\"http:\/\/www.sudoestehoje.com.br\/novoportal\/wp-content\/uploads\/2014\/06\/COOLEITE-PRODUTOS-500x249.jpg\" alt=\"COOLEITE PRODUTOS\" \/><\/p>\n","protected":false},"excerpt":{"rendered":"<p>Segundo mat\u00e9ria postada no prestigiado blog Pol\u00edticos do Sul da Bahia, o ex-deputado estadual Heraldo Rocha (DEM) est\u00e1 estudando a possibilidade de ser candidato a prefeito de Macarani. Heraldo foi o candidato mais votado em Macarani, na elei\u00e7\u00e3o passada, com 3.539 votos. Atualmente, ele \u00e9 eleitor de Salvador, mas tem at\u00e9 o final de setembro [&hellip;]<\/p>\n","protected":false},"author":2,"featured_media":0,"comment_status":"open","ping_status":"open","sticky":false,"template":"","format":"standard","meta":{"footnotes":"","_links_to":"","_links_to_target":""},"categories":[1],"tags":[],"class_list":["post-46166","post","type-post","status-publish","format-standard","hentry","category-geral"],"views":1009,"_links":{"self":[{"href":"https:\/\/www.sudoestehoje.com.br\/novoportal\/wp-json\/wp\/v2\/posts\/46166","targetHints":{"allow":["GET"]}}],"collection":[{"href":"https:\/\/www.sudoestehoje.com.br\/novoportal\/wp-json\/wp\/v2\/posts"}],"about":[{"href":"https:\/\/www.sudoestehoje.com.br\/novoportal\/wp-json\/wp\/v2\/types\/post"}],"author":[{"embeddable":true,"href":"https:\/\/www.sudoestehoje.com.br\/novoportal\/wp-json\/wp\/v2\/users\/2"}],"replies":[{"embeddable":true,"href":"https:\/\/www.sudoestehoje.com.br\/novoportal\/wp-json\/wp\/v2\/comments?post=46166"}],"version-history":[{"count":5,"href":"https:\/\/www.sudoestehoje.com.br\/novoportal\/wp-json\/wp\/v2\/posts\/46166\/revisions"}],"predecessor-version":[{"id":46176,"href":"https:\/\/www.sudoestehoje.com.br\/novoportal\/wp-json\/wp\/v2\/posts\/46166\/revisions\/46176"}],"wp:attachment":[{"href":"https:\/\/www.sudoestehoje.com.br\/novoportal\/wp-json\/wp\/v2\/media?parent=46166"}],"wp:term":[{"taxonomy":"category","embeddable":true,"href":"https:\/\/www.sudoestehoje.com.br\/novoportal\/wp-json\/wp\/v2\/categories?post=46166"},{"taxonomy":"post_tag","embeddable":true,"href":"https:\/\/www.sudoestehoje.com.br\/novoportal\/wp-json\/wp\/v2\/tags?post=46166"}],"curies":[{"name":"wp","href":"https:\/\/api.w.org\/{rel}","templated":true}]}}