
{"id":46126,"date":"2015-01-14T21:49:49","date_gmt":"2015-01-15T00:49:49","guid":{"rendered":"http:\/\/www.sudoestehoje.com.br\/novoportal\/?p=46126"},"modified":"2015-01-15T22:21:52","modified_gmt":"2015-01-16T01:21:52","slug":"fjs-ja-destinou-mais-de-r72-milhoes-para-bom-funcionamento-do-cristo","status":"publish","type":"post","link":"https:\/\/www.sudoestehoje.com.br\/novoportal\/2015\/01\/14\/fjs-ja-destinou-mais-de-r72-milhoes-para-bom-funcionamento-do-cristo\/","title":{"rendered":"FJS J\u00c1 DESTINOU CERCA DE R$7,2 MILH\u00d5ES PARA BOM FUNCIONAMENTO DO CRISTO"},"content":{"rendered":"<p style=\"margin: 0cm; margin-bottom: .0001pt; background: white;\"><a href=\"http:\/\/www.sudoestehoje.com.br\/novoportal\/wp-content\/uploads\/2015\/01\/UTI-Hospital-Cristo-Redentor-1.jpg\"><img loading=\"lazy\" decoding=\"async\" class=\"aligncenter size-medium wp-image-46134\" src=\"http:\/\/www.sudoestehoje.com.br\/novoportal\/wp-content\/uploads\/2015\/01\/UTI-Hospital-Cristo-Redentor-1-500x280.jpg\" alt=\"UTI - Hospital Cristo Redentor (1)\" width=\"500\" height=\"280\" srcset=\"https:\/\/www.sudoestehoje.com.br\/novoportal\/wp-content\/uploads\/2015\/01\/UTI-Hospital-Cristo-Redentor-1-500x280.jpg 500w, https:\/\/www.sudoestehoje.com.br\/novoportal\/wp-content\/uploads\/2015\/01\/UTI-Hospital-Cristo-Redentor-1-700x392.jpg 700w, https:\/\/www.sudoestehoje.com.br\/novoportal\/wp-content\/uploads\/2015\/01\/UTI-Hospital-Cristo-Redentor-1-150x84.jpg 150w, https:\/\/www.sudoestehoje.com.br\/novoportal\/wp-content\/uploads\/2015\/01\/UTI-Hospital-Cristo-Redentor-1.jpg 800w\" sizes=\"auto, (max-width: 500px) 100vw, 500px\" \/><\/a><\/p>\n<p style=\"margin: 0cm; margin-bottom: .0001pt; background: white;\"><span style=\"color: black;\">Para assegurar o atendimento \u00e0 popula\u00e7\u00e3o de Itapetinga e regi\u00e3o, a Funda\u00e7\u00e3o Jos\u00e9 Silveira (FJS) tem destinado mensalmente ao Hospital Cristo Redentor recursos pr\u00f3prios da ordem de R$330 mil, o que representa um valor acumulado de R$ 5,9 milh\u00f5es, diante da insufici\u00eancia dos repasses do SUS.<\/span><\/p>\n<p style=\"margin: 0cm; margin-bottom: .0001pt; background: white;\"><span style=\"color: black;\"><a href=\"http:\/\/www.sudoestehoje.com.br\/novoportal\/wp-content\/uploads\/2015\/01\/Hospital-Cristo-redentor-1.jpg\"><img loading=\"lazy\" decoding=\"async\" class=\"aligncenter size-medium wp-image-46127\" src=\"http:\/\/www.sudoestehoje.com.br\/novoportal\/wp-content\/uploads\/2015\/01\/Hospital-Cristo-redentor-1-500x280.jpg\" alt=\"Hospital Cristo redentor - 1\" width=\"500\" height=\"280\" srcset=\"https:\/\/www.sudoestehoje.com.br\/novoportal\/wp-content\/uploads\/2015\/01\/Hospital-Cristo-redentor-1-500x280.jpg 500w, https:\/\/www.sudoestehoje.com.br\/novoportal\/wp-content\/uploads\/2015\/01\/Hospital-Cristo-redentor-1-700x392.jpg 700w, https:\/\/www.sudoestehoje.com.br\/novoportal\/wp-content\/uploads\/2015\/01\/Hospital-Cristo-redentor-1-150x84.jpg 150w, https:\/\/www.sudoestehoje.com.br\/novoportal\/wp-content\/uploads\/2015\/01\/Hospital-Cristo-redentor-1.jpg 800w\" sizes=\"auto, (max-width: 500px) 100vw, 500px\" \/><\/a> <\/span><\/p>\n<p style=\"margin: 0cm; margin-bottom: .0001pt; background: white;\"><span style=\"color: black;\">\u00a0<\/span>Quando assumiu a gest\u00e3o da unidade, que estava praticamente fechada, a FJS iniciou, h\u00e1 18 meses, um processo cont\u00ednuo de melhorias na reestrutura\u00e7\u00e3o f\u00edsica e renova\u00e7\u00e3o de equipamentos, com um total de investimentos que soma R$1,3 milh\u00e3o. O volume de pacientes atendidos aumentou significativamente, com cerca de 54.960 atendimentos, interna\u00e7\u00f5es e consultas, 2.160 cirurgias e partos e 17.400 exames de raio X e ultrassonografias realizados no ano passado.<\/p>\n<p style=\"margin: 0cm; margin-bottom: .0001pt; background: white;\"><a href=\"http:\/\/www.sudoestehoje.com.br\/novoportal\/wp-content\/uploads\/2015\/01\/Hospital-Cristo-Redentor.jpg\"><img loading=\"lazy\" decoding=\"async\" class=\"aligncenter size-medium wp-image-46128\" src=\"http:\/\/www.sudoestehoje.com.br\/novoportal\/wp-content\/uploads\/2015\/01\/Hospital-Cristo-Redentor-500x666.jpg\" alt=\"Hospital Cristo Redentor\" width=\"500\" height=\"666\" srcset=\"https:\/\/www.sudoestehoje.com.br\/novoportal\/wp-content\/uploads\/2015\/01\/Hospital-Cristo-Redentor-500x666.jpg 500w, https:\/\/www.sudoestehoje.com.br\/novoportal\/wp-content\/uploads\/2015\/01\/Hospital-Cristo-Redentor-675x900.jpg 675w, https:\/\/www.sudoestehoje.com.br\/novoportal\/wp-content\/uploads\/2015\/01\/Hospital-Cristo-Redentor-112x150.jpg 112w, https:\/\/www.sudoestehoje.com.br\/novoportal\/wp-content\/uploads\/2015\/01\/Hospital-Cristo-Redentor.jpg 800w\" sizes=\"auto, (max-width: 500px) 100vw, 500px\" \/><\/a><\/p>\n<p id=\"yui_3_16_0_1_1421281794166_4226\" style=\"margin: 0cm; margin-bottom: .0001pt; background: white; orphans: auto; text-align: start; widows: auto; -webkit-text-stroke-width: 0px; word-spacing: 0px;\"><span style=\"color: black;\">A despeito dos desafios, importantes conquistas v\u00eam sendo concretizadas. A FJS tem investido na amplia\u00e7\u00e3o e na qualidade dos servi\u00e7os prestados, a exemplo da inaugura\u00e7\u00e3o da UTI do Cristo Redentor, a primeira da cidade, com 09 leitos e uma taxa de ocupa\u00e7\u00e3o de 95% por m\u00eas. Al\u00e9m disso, houve a implementa\u00e7\u00e3o da oferta de servi\u00e7os laboratoriais e da telemedicina com laudos de eletrocardiograma 24 horas por dia.<\/span><\/p>\n<p style=\"margin: 0cm; margin-bottom: .0001pt; background: white; orphans: auto; text-align: start; widows: auto; -webkit-text-stroke-width: 0px; word-spacing: 0px;\"><a href=\"http:\/\/www.sudoestehoje.com.br\/novoportal\/wp-content\/uploads\/2015\/01\/Hospital-Cristo-Redentor21.jpg\"><img loading=\"lazy\" decoding=\"async\" class=\"aligncenter size-medium wp-image-46132\" src=\"http:\/\/www.sudoestehoje.com.br\/novoportal\/wp-content\/uploads\/2015\/01\/Hospital-Cristo-Redentor21-394x700.jpg\" alt=\"Hospital Cristo Redentor2\" width=\"394\" height=\"700\" srcset=\"https:\/\/www.sudoestehoje.com.br\/novoportal\/wp-content\/uploads\/2015\/01\/Hospital-Cristo-Redentor21-394x700.jpg 394w, https:\/\/www.sudoestehoje.com.br\/novoportal\/wp-content\/uploads\/2015\/01\/Hospital-Cristo-Redentor21-506x900.jpg 506w, https:\/\/www.sudoestehoje.com.br\/novoportal\/wp-content\/uploads\/2015\/01\/Hospital-Cristo-Redentor21-84x150.jpg 84w, https:\/\/www.sudoestehoje.com.br\/novoportal\/wp-content\/uploads\/2015\/01\/Hospital-Cristo-Redentor21.jpg 581w\" sizes=\"auto, (max-width: 394px) 100vw, 394px\" \/><\/a><\/p>\n<p id=\"yui_3_16_0_1_1421281794166_4235\" style=\"margin: 0cm; margin-bottom: .0001pt; background: white; orphans: auto; text-align: start; widows: auto; -webkit-text-stroke-width: 0px; word-spacing: 0px;\"><span style=\"color: black;\">\u00c9 prioridade, ainda, renovar e modernizar a parte f\u00edsica da unidade. \u00c1reas que se encontravam em situa\u00e7\u00e3o cr\u00edtica v\u00eam sendo, gradativamente, reestruturadas. Entre os investimentos, o Hospital foi equipado com um gerador pr\u00f3prio de energia e a lavanderia j\u00e1 recebeu novas m\u00e1quinas, como uma secadora e uma centr\u00edfuga. O processo de melhorias \u00e9 cont\u00ednuo, com o objetivo de dotar o Hospital de recursos adequados para atender \u00e0 popula\u00e7\u00e3o com qualidade, compromisso maior da Funda\u00e7\u00e3o Jos\u00e9 Silveira h\u00e1 78 anos.\u00a0<\/span><strong><em>Ascom Funda\u00e7\u00e3o Jos\u00e9 Silveira<\/em><\/strong><\/p>\n<p style=\"margin: 0cm; margin-bottom: .0001pt; background: white; orphans: auto; text-align: start; widows: auto; -webkit-text-stroke-width: 0px; word-spacing: 0px;\"><img decoding=\"async\" class=\"aligncenter\" src=\"http:\/\/www.sudoestehoje.com.br\/novoportal\/wp-content\/uploads\/2014\/11\/Logomarca-HB-Sementes-500x134.jpg\" alt=\"Logomarca HB Sementes\" \/><\/p>\n","protected":false},"excerpt":{"rendered":"<p>Para assegurar o atendimento \u00e0 popula\u00e7\u00e3o de Itapetinga e regi\u00e3o, a Funda\u00e7\u00e3o Jos\u00e9 Silveira (FJS) tem destinado mensalmente ao Hospital Cristo Redentor recursos pr\u00f3prios da ordem de R$330 mil, o que representa um valor acumulado de R$ 5,9 milh\u00f5es, diante da insufici\u00eancia dos repasses do SUS. \u00a0Quando assumiu a gest\u00e3o da unidade, que estava praticamente [&hellip;]<\/p>\n","protected":false},"author":2,"featured_media":0,"comment_status":"open","ping_status":"open","sticky":false,"template":"","format":"standard","meta":{"footnotes":"","_links_to":"","_links_to_target":""},"categories":[1],"tags":[],"class_list":["post-46126","post","type-post","status-publish","format-standard","hentry","category-geral"],"views":1376,"_links":{"self":[{"href":"https:\/\/www.sudoestehoje.com.br\/novoportal\/wp-json\/wp\/v2\/posts\/46126","targetHints":{"allow":["GET"]}}],"collection":[{"href":"https:\/\/www.sudoestehoje.com.br\/novoportal\/wp-json\/wp\/v2\/posts"}],"about":[{"href":"https:\/\/www.sudoestehoje.com.br\/novoportal\/wp-json\/wp\/v2\/types\/post"}],"author":[{"embeddable":true,"href":"https:\/\/www.sudoestehoje.com.br\/novoportal\/wp-json\/wp\/v2\/users\/2"}],"replies":[{"embeddable":true,"href":"https:\/\/www.sudoestehoje.com.br\/novoportal\/wp-json\/wp\/v2\/comments?post=46126"}],"version-history":[{"count":7,"href":"https:\/\/www.sudoestehoje.com.br\/novoportal\/wp-json\/wp\/v2\/posts\/46126\/revisions"}],"predecessor-version":[{"id":46162,"href":"https:\/\/www.sudoestehoje.com.br\/novoportal\/wp-json\/wp\/v2\/posts\/46126\/revisions\/46162"}],"wp:attachment":[{"href":"https:\/\/www.sudoestehoje.com.br\/novoportal\/wp-json\/wp\/v2\/media?parent=46126"}],"wp:term":[{"taxonomy":"category","embeddable":true,"href":"https:\/\/www.sudoestehoje.com.br\/novoportal\/wp-json\/wp\/v2\/categories?post=46126"},{"taxonomy":"post_tag","embeddable":true,"href":"https:\/\/www.sudoestehoje.com.br\/novoportal\/wp-json\/wp\/v2\/tags?post=46126"}],"curies":[{"name":"wp","href":"https:\/\/api.w.org\/{rel}","templated":true}]}}