
{"id":46107,"date":"2015-01-13T20:51:41","date_gmt":"2015-01-13T23:51:41","guid":{"rendered":"http:\/\/www.sudoestehoje.com.br\/novoportal\/?p=46107"},"modified":"2015-01-13T21:19:54","modified_gmt":"2015-01-14T00:19:54","slug":"mec-divulga-notas-do-enem-2014","status":"publish","type":"post","link":"https:\/\/www.sudoestehoje.com.br\/novoportal\/2015\/01\/13\/mec-divulga-notas-do-enem-2014\/","title":{"rendered":"MEC DIVULGA NOTAS DO ENEM 2014"},"content":{"rendered":"<p><a href=\"http:\/\/www.sudoestehoje.com.br\/novoportal\/wp-content\/uploads\/2015\/01\/Resultado-do-Enem-2014.jpg\"><img loading=\"lazy\" decoding=\"async\" class=\"aligncenter  wp-image-46108\" src=\"http:\/\/www.sudoestehoje.com.br\/novoportal\/wp-content\/uploads\/2015\/01\/Resultado-do-Enem-2014.jpg\" alt=\"Resultado-do-Enem-2014\" width=\"501\" height=\"239\" srcset=\"https:\/\/www.sudoestehoje.com.br\/novoportal\/wp-content\/uploads\/2015\/01\/Resultado-do-Enem-2014.jpg 480w, https:\/\/www.sudoestehoje.com.br\/novoportal\/wp-content\/uploads\/2015\/01\/Resultado-do-Enem-2014-150x71.jpg 150w\" sizes=\"auto, (max-width: 501px) 100vw, 501px\" \/><\/a><\/p>\n<p>O Minist\u00e9rio da Educa\u00e7\u00e3o liberou na noite desta ter\u00e7a-feira (13) a consulta individual das notas do Exame Nacional do Ensino M\u00e9dio (Enem) 2014. Para ver sua nota, o candidato dever\u00e1 inserir seu n\u00famero de inscri\u00e7\u00e3o do Enem e a senha de acesso ou CPF e senha. Qualquer d\u00favida o candidato pode ligar para o telefone de aux\u00edlio do Enem: 0800 61 61 61.<\/p>\n<p>O Enem foi realizado nos dias 8 e 9 de novembro de 2014. Cada um dos mais de 6,3 milh\u00f5es de candidatos que fizeram as provas, poder\u00e1 ver a nota que tirou nas provas objetivas (ci\u00eancias humanas, ci\u00eancias da natureza, linguagens e matem\u00e1tica), al\u00e9m da prova de reda\u00e7\u00e3o.<\/p>\n<p><a href=\"http:\/\/sistemasenem2.inep.gov.br\/resultadosenem\" target=\"_blank\">sistemasenem2.inep.gov.br\/resultadosenem<\/a>.<\/p>\n<p><a href=\"http:\/\/sistemasenem2.inep.gov.br\/resultadosenem\" target=\"_blank\">ACESSE SUA NOTA NO ENEM 2014<\/a><\/p>\n<p><img decoding=\"async\" class=\"aligncenter\" src=\"http:\/\/www.sudoestehoje.com.br\/novoportal\/wp-content\/uploads\/2014\/07\/Feira-do-Lar-1.png\" alt=\"Feira-do-Lar (1)\" \/><\/p>\n","protected":false},"excerpt":{"rendered":"<p>O Minist\u00e9rio da Educa\u00e7\u00e3o liberou na noite desta ter\u00e7a-feira (13) a consulta individual das notas do Exame Nacional do Ensino M\u00e9dio (Enem) 2014. Para ver sua nota, o candidato dever\u00e1 inserir seu n\u00famero de inscri\u00e7\u00e3o do Enem e a senha de acesso ou CPF e senha. Qualquer d\u00favida o candidato pode ligar para o telefone [&hellip;]<\/p>\n","protected":false},"author":2,"featured_media":0,"comment_status":"open","ping_status":"open","sticky":false,"template":"","format":"standard","meta":{"footnotes":"","_links_to":"","_links_to_target":""},"categories":[1],"tags":[],"class_list":["post-46107","post","type-post","status-publish","format-standard","hentry","category-geral"],"views":1137,"_links":{"self":[{"href":"https:\/\/www.sudoestehoje.com.br\/novoportal\/wp-json\/wp\/v2\/posts\/46107","targetHints":{"allow":["GET"]}}],"collection":[{"href":"https:\/\/www.sudoestehoje.com.br\/novoportal\/wp-json\/wp\/v2\/posts"}],"about":[{"href":"https:\/\/www.sudoestehoje.com.br\/novoportal\/wp-json\/wp\/v2\/types\/post"}],"author":[{"embeddable":true,"href":"https:\/\/www.sudoestehoje.com.br\/novoportal\/wp-json\/wp\/v2\/users\/2"}],"replies":[{"embeddable":true,"href":"https:\/\/www.sudoestehoje.com.br\/novoportal\/wp-json\/wp\/v2\/comments?post=46107"}],"version-history":[{"count":3,"href":"https:\/\/www.sudoestehoje.com.br\/novoportal\/wp-json\/wp\/v2\/posts\/46107\/revisions"}],"predecessor-version":[{"id":46111,"href":"https:\/\/www.sudoestehoje.com.br\/novoportal\/wp-json\/wp\/v2\/posts\/46107\/revisions\/46111"}],"wp:attachment":[{"href":"https:\/\/www.sudoestehoje.com.br\/novoportal\/wp-json\/wp\/v2\/media?parent=46107"}],"wp:term":[{"taxonomy":"category","embeddable":true,"href":"https:\/\/www.sudoestehoje.com.br\/novoportal\/wp-json\/wp\/v2\/categories?post=46107"},{"taxonomy":"post_tag","embeddable":true,"href":"https:\/\/www.sudoestehoje.com.br\/novoportal\/wp-json\/wp\/v2\/tags?post=46107"}],"curies":[{"name":"wp","href":"https:\/\/api.w.org\/{rel}","templated":true}]}}