
{"id":46097,"date":"2015-01-13T18:36:46","date_gmt":"2015-01-13T21:36:46","guid":{"rendered":"http:\/\/www.sudoestehoje.com.br\/novoportal\/?p=46097"},"modified":"2015-01-13T18:46:05","modified_gmt":"2015-01-13T21:46:05","slug":"governador-corta-mais-de-860-cargos-comissionados-do-estado","status":"publish","type":"post","link":"https:\/\/www.sudoestehoje.com.br\/novoportal\/2015\/01\/13\/governador-corta-mais-de-860-cargos-comissionados-do-estado\/","title":{"rendered":"GOVERNADOR CORTA MAIS DE 860 CARGOS COMISSIONADOS DO ESTADO"},"content":{"rendered":"<p><a href=\"http:\/\/www.sudoestehoje.com.br\/novoportal\/wp-content\/uploads\/2015\/01\/rui-corta.jpg\"><img loading=\"lazy\" decoding=\"async\" class=\"aligncenter size-medium wp-image-46100\" src=\"http:\/\/www.sudoestehoje.com.br\/novoportal\/wp-content\/uploads\/2015\/01\/rui-corta-500x318.jpg\" alt=\"rui corta\" width=\"500\" height=\"318\" srcset=\"https:\/\/www.sudoestehoje.com.br\/novoportal\/wp-content\/uploads\/2015\/01\/rui-corta-500x318.jpg 500w, https:\/\/www.sudoestehoje.com.br\/novoportal\/wp-content\/uploads\/2015\/01\/rui-corta-150x95.jpg 150w, https:\/\/www.sudoestehoje.com.br\/novoportal\/wp-content\/uploads\/2015\/01\/rui-corta.jpg 550w\" sizes=\"auto, (max-width: 500px) 100vw, 500px\" \/><\/a><\/p>\n<p>O governador Rui Costa (PT) come\u00e7ou a <a href=\"http:\/\/www.bahianoticias.com.br\/noticia\/163939-reforma-administrativa-reduz-para-24-secretarias-e-corta-cerca-de-1-700-cargos-comissionados.html\" target=\"_blank\"><strong>fazer a \u201climpa<\/strong><\/a>\u201d nos cargos comissionados da administra\u00e7\u00e3o estadual. Conforme apontado pela coluna Sat\u00e9lite, 867 postos foram cortados segundo a edi\u00e7\u00e3o de s\u00e1bado (10) do Di\u00e1rio Oficial do Poder Executivo.<\/p>\n<p>A medida determinou extin\u00e7\u00f5es em 22 pastas, al\u00e9m dos gabinetes do governador e vice-governador, Casa Militar, Instituto An\u00edsio Teixeira (IAT), Centro Industrial do Suba\u00e9 (CIS) e Superintend\u00eancia de Desenvolvimento Industrial e Comercial (Sudic), al\u00e9m de outros dois \u00f3rg\u00e3os da c\u00fapula do Pal\u00e1cio de Ondina: o gabinete do governador Rui Costa (PT) e a Secretaria de Educa\u00e7\u00e3o (SEC).<\/p>\n<p>A Secretaria de Justi\u00e7a, Cidadania e Direitos Humanos (SJCDH), com 246 cortes, seguida por Sa\u00fade, com 191, e Desenvolvimento Social e Combate \u00e0 Pobreza (Sedes), com 104, foram as pastas com mais cortes.<\/p>\n<p><a href=\"http:\/\/www.sudoestehoje.com.br\/novoportal\/wp-content\/uploads\/2015\/01\/skala-2015.jpg\"><img loading=\"lazy\" decoding=\"async\" class=\"aligncenter size-medium wp-image-46104\" src=\"http:\/\/www.sudoestehoje.com.br\/novoportal\/wp-content\/uploads\/2015\/01\/skala-2015-500x166.jpg\" alt=\"skala 2015\" width=\"500\" height=\"166\" srcset=\"https:\/\/www.sudoestehoje.com.br\/novoportal\/wp-content\/uploads\/2015\/01\/skala-2015-500x166.jpg 500w, https:\/\/www.sudoestehoje.com.br\/novoportal\/wp-content\/uploads\/2015\/01\/skala-2015-700x232.jpg 700w, https:\/\/www.sudoestehoje.com.br\/novoportal\/wp-content\/uploads\/2015\/01\/skala-2015-150x49.jpg 150w, https:\/\/www.sudoestehoje.com.br\/novoportal\/wp-content\/uploads\/2015\/01\/skala-2015.jpg 960w\" sizes=\"auto, (max-width: 500px) 100vw, 500px\" \/><\/a><\/p>\n<p>&nbsp;<\/p>\n","protected":false},"excerpt":{"rendered":"<p>O governador Rui Costa (PT) come\u00e7ou a fazer a \u201climpa\u201d nos cargos comissionados da administra\u00e7\u00e3o estadual. Conforme apontado pela coluna Sat\u00e9lite, 867 postos foram cortados segundo a edi\u00e7\u00e3o de s\u00e1bado (10) do Di\u00e1rio Oficial do Poder Executivo. A medida determinou extin\u00e7\u00f5es em 22 pastas, al\u00e9m dos gabinetes do governador e vice-governador, Casa Militar, Instituto An\u00edsio [&hellip;]<\/p>\n","protected":false},"author":2,"featured_media":0,"comment_status":"open","ping_status":"open","sticky":false,"template":"","format":"standard","meta":{"footnotes":"","_links_to":"","_links_to_target":""},"categories":[1],"tags":[],"class_list":["post-46097","post","type-post","status-publish","format-standard","hentry","category-geral"],"views":1213,"_links":{"self":[{"href":"https:\/\/www.sudoestehoje.com.br\/novoportal\/wp-json\/wp\/v2\/posts\/46097","targetHints":{"allow":["GET"]}}],"collection":[{"href":"https:\/\/www.sudoestehoje.com.br\/novoportal\/wp-json\/wp\/v2\/posts"}],"about":[{"href":"https:\/\/www.sudoestehoje.com.br\/novoportal\/wp-json\/wp\/v2\/types\/post"}],"author":[{"embeddable":true,"href":"https:\/\/www.sudoestehoje.com.br\/novoportal\/wp-json\/wp\/v2\/users\/2"}],"replies":[{"embeddable":true,"href":"https:\/\/www.sudoestehoje.com.br\/novoportal\/wp-json\/wp\/v2\/comments?post=46097"}],"version-history":[{"count":4,"href":"https:\/\/www.sudoestehoje.com.br\/novoportal\/wp-json\/wp\/v2\/posts\/46097\/revisions"}],"predecessor-version":[{"id":46105,"href":"https:\/\/www.sudoestehoje.com.br\/novoportal\/wp-json\/wp\/v2\/posts\/46097\/revisions\/46105"}],"wp:attachment":[{"href":"https:\/\/www.sudoestehoje.com.br\/novoportal\/wp-json\/wp\/v2\/media?parent=46097"}],"wp:term":[{"taxonomy":"category","embeddable":true,"href":"https:\/\/www.sudoestehoje.com.br\/novoportal\/wp-json\/wp\/v2\/categories?post=46097"},{"taxonomy":"post_tag","embeddable":true,"href":"https:\/\/www.sudoestehoje.com.br\/novoportal\/wp-json\/wp\/v2\/tags?post=46097"}],"curies":[{"name":"wp","href":"https:\/\/api.w.org\/{rel}","templated":true}]}}