
{"id":46073,"date":"2015-01-12T22:46:48","date_gmt":"2015-01-13T01:46:48","guid":{"rendered":"http:\/\/www.sudoestehoje.com.br\/novoportal\/?p=46073"},"modified":"2015-01-12T22:53:47","modified_gmt":"2015-01-13T01:53:47","slug":"dudu-dos-tutas-se-firma-como-forte-lideranca-politica-em-itarantim","status":"publish","type":"post","link":"https:\/\/www.sudoestehoje.com.br\/novoportal\/2015\/01\/12\/dudu-dos-tutas-se-firma-como-forte-lideranca-politica-em-itarantim\/","title":{"rendered":"DUDU DOS TUTAS SE FIRMA COMO FORTE LIDERAN\u00c7A POL\u00cdTICA EM ITARANTIM"},"content":{"rendered":"<div id=\"attachment_46074\" style=\"width: 510px\" class=\"wp-caption aligncenter\"><a href=\"http:\/\/www.sudoestehoje.com.br\/novoportal\/wp-content\/uploads\/2015\/01\/DUDU-DOS-TUTAS-1.jpg\"><img loading=\"lazy\" decoding=\"async\" aria-describedby=\"caption-attachment-46074\" class=\"size-medium wp-image-46074\" src=\"http:\/\/www.sudoestehoje.com.br\/novoportal\/wp-content\/uploads\/2015\/01\/DUDU-DOS-TUTAS-1-500x434.jpg\" alt=\"Fotos Alerta Itarantim \" width=\"500\" height=\"434\" srcset=\"https:\/\/www.sudoestehoje.com.br\/novoportal\/wp-content\/uploads\/2015\/01\/DUDU-DOS-TUTAS-1-500x434.jpg 500w, https:\/\/www.sudoestehoje.com.br\/novoportal\/wp-content\/uploads\/2015\/01\/DUDU-DOS-TUTAS-1-700x608.jpg 700w, https:\/\/www.sudoestehoje.com.br\/novoportal\/wp-content\/uploads\/2015\/01\/DUDU-DOS-TUTAS-1-150x130.jpg 150w, https:\/\/www.sudoestehoje.com.br\/novoportal\/wp-content\/uploads\/2015\/01\/DUDU-DOS-TUTAS-1.jpg 824w\" sizes=\"auto, (max-width: 500px) 100vw, 500px\" \/><\/a><p id=\"caption-attachment-46074\" class=\"wp-caption-text\">Fotos Alerta Itarantim<\/p><\/div>\n<p>Dentre as novas lideran\u00e7as pol\u00edticas de Itarantim, o vereador Dudu dos Tutas, rec\u00e9m eleito presidente da c\u00e2mara de vereadores, vem despontando como uma das mais fortes do munic\u00edpio, com potencial suficiente para suceder o atual prefeito Paulo Fernandes, em 2016.<\/p>\n<p>Durante a visita do governador Rui Costa a Itapetinga, na \u00faltima sexta-feira, Dudu mostrou desenvoltura, se apresentando como representante de Itarantim no evento, deixando para tr\u00e1s o inexpressivo grupo petista da cidade, que nem conseguiu encostar no governador.<\/p>\n<p><a href=\"http:\/\/www.sudoestehoje.com.br\/novoportal\/wp-content\/uploads\/2015\/01\/DUDU-DOS-TUTAS-2.jpg\"><img loading=\"lazy\" decoding=\"async\" class=\"aligncenter size-medium wp-image-46075\" src=\"http:\/\/www.sudoestehoje.com.br\/novoportal\/wp-content\/uploads\/2015\/01\/DUDU-DOS-TUTAS-2-500x281.jpg\" alt=\"DUDU DOS TUTAS 2\" width=\"500\" height=\"281\" srcset=\"https:\/\/www.sudoestehoje.com.br\/novoportal\/wp-content\/uploads\/2015\/01\/DUDU-DOS-TUTAS-2-500x281.jpg 500w, https:\/\/www.sudoestehoje.com.br\/novoportal\/wp-content\/uploads\/2015\/01\/DUDU-DOS-TUTAS-2-700x393.jpg 700w, https:\/\/www.sudoestehoje.com.br\/novoportal\/wp-content\/uploads\/2015\/01\/DUDU-DOS-TUTAS-2-150x84.jpg 150w, https:\/\/www.sudoestehoje.com.br\/novoportal\/wp-content\/uploads\/2015\/01\/DUDU-DOS-TUTAS-2.jpg 1280w\" sizes=\"auto, (max-width: 500px) 100vw, 500px\" \/><\/a><\/p>\n<p>Muito ao contr\u00e1rio, Dudu dos Tutas e os atuantes vereadores\u00a0Jean Chaves (PSB) e Marcos &#8220;Pe\u00faia&#8221;(PSB)\u00a0chegaram junto ao novo governador e seus assessores diretos, apresentando importantes reivindica\u00e7\u00f5es para o munic\u00edpio, como uma nova ind\u00fastria\u00a0para ocupar o galp\u00e3o da Azal\u00e9ia, asfaltamento das principais avenidas de Itarantim, reforma do mercado municipal e do Estadio Florindo Dantas, aquisi\u00e7\u00e3o de uma ambul\u00e2ncia, dentre outras.<\/p>\n<p><a href=\"http:\/\/www.sudoestehoje.com.br\/novoportal\/wp-content\/uploads\/2015\/01\/DUDU-DOS-TUTAS-4.jpg\"><img loading=\"lazy\" decoding=\"async\" class=\"aligncenter size-medium wp-image-46076\" src=\"http:\/\/www.sudoestehoje.com.br\/novoportal\/wp-content\/uploads\/2015\/01\/DUDU-DOS-TUTAS-4-500x281.jpg\" alt=\"DUDU DOS TUTAS 4\" width=\"500\" height=\"281\" srcset=\"https:\/\/www.sudoestehoje.com.br\/novoportal\/wp-content\/uploads\/2015\/01\/DUDU-DOS-TUTAS-4-500x281.jpg 500w, https:\/\/www.sudoestehoje.com.br\/novoportal\/wp-content\/uploads\/2015\/01\/DUDU-DOS-TUTAS-4-700x393.jpg 700w, https:\/\/www.sudoestehoje.com.br\/novoportal\/wp-content\/uploads\/2015\/01\/DUDU-DOS-TUTAS-4-150x84.jpg 150w, https:\/\/www.sudoestehoje.com.br\/novoportal\/wp-content\/uploads\/2015\/01\/DUDU-DOS-TUTAS-4.jpg 1280w\" sizes=\"auto, (max-width: 500px) 100vw, 500px\" \/><\/a><\/p>\n<p>Nos bastidores da pol\u00edtica itarantiense, \u00e9 un\u00e2nime que o atuante vereador vai longe. Dudu dos Tutas \u00e9 ligado politicamente ao grupo do prefeito Paulo Fernandes, um dos mais s\u00e9rios e atuantes gestores da regi\u00e3o.<\/p>\n<p><strong><em>Por Davi Ferraz<\/em><\/strong><\/p>\n<p><img decoding=\"async\" class=\"aligncenter\" src=\"http:\/\/www.sudoestehoje.com.br\/novoportal\/wp-content\/uploads\/2014\/07\/Feira-do-Lar-1.png\" alt=\"Feira-do-Lar (1)\" \/><\/p>\n","protected":false},"excerpt":{"rendered":"<p>Dentre as novas lideran\u00e7as pol\u00edticas de Itarantim, o vereador Dudu dos Tutas, rec\u00e9m eleito presidente da c\u00e2mara de vereadores, vem despontando como uma das mais fortes do munic\u00edpio, com potencial suficiente para suceder o atual prefeito Paulo Fernandes, em 2016. Durante a visita do governador Rui Costa a Itapetinga, na \u00faltima sexta-feira, Dudu mostrou desenvoltura, [&hellip;]<\/p>\n","protected":false},"author":2,"featured_media":0,"comment_status":"open","ping_status":"open","sticky":false,"template":"","format":"standard","meta":{"footnotes":"","_links_to":"","_links_to_target":""},"categories":[1],"tags":[],"class_list":["post-46073","post","type-post","status-publish","format-standard","hentry","category-geral"],"views":2624,"_links":{"self":[{"href":"https:\/\/www.sudoestehoje.com.br\/novoportal\/wp-json\/wp\/v2\/posts\/46073","targetHints":{"allow":["GET"]}}],"collection":[{"href":"https:\/\/www.sudoestehoje.com.br\/novoportal\/wp-json\/wp\/v2\/posts"}],"about":[{"href":"https:\/\/www.sudoestehoje.com.br\/novoportal\/wp-json\/wp\/v2\/types\/post"}],"author":[{"embeddable":true,"href":"https:\/\/www.sudoestehoje.com.br\/novoportal\/wp-json\/wp\/v2\/users\/2"}],"replies":[{"embeddable":true,"href":"https:\/\/www.sudoestehoje.com.br\/novoportal\/wp-json\/wp\/v2\/comments?post=46073"}],"version-history":[{"count":4,"href":"https:\/\/www.sudoestehoje.com.br\/novoportal\/wp-json\/wp\/v2\/posts\/46073\/revisions"}],"predecessor-version":[{"id":46080,"href":"https:\/\/www.sudoestehoje.com.br\/novoportal\/wp-json\/wp\/v2\/posts\/46073\/revisions\/46080"}],"wp:attachment":[{"href":"https:\/\/www.sudoestehoje.com.br\/novoportal\/wp-json\/wp\/v2\/media?parent=46073"}],"wp:term":[{"taxonomy":"category","embeddable":true,"href":"https:\/\/www.sudoestehoje.com.br\/novoportal\/wp-json\/wp\/v2\/categories?post=46073"},{"taxonomy":"post_tag","embeddable":true,"href":"https:\/\/www.sudoestehoje.com.br\/novoportal\/wp-json\/wp\/v2\/tags?post=46073"}],"curies":[{"name":"wp","href":"https:\/\/api.w.org\/{rel}","templated":true}]}}