
{"id":46039,"date":"2015-01-11T14:48:22","date_gmt":"2015-01-11T17:48:22","guid":{"rendered":"http:\/\/www.sudoestehoje.com.br\/novoportal\/?p=46039"},"modified":"2015-01-12T23:04:06","modified_gmt":"2015-01-13T02:04:06","slug":"morre-ernesto-esposo-de-portelinha-do-jornal-dimensao","status":"publish","type":"post","link":"https:\/\/www.sudoestehoje.com.br\/novoportal\/2015\/01\/11\/morre-ernesto-esposo-de-portelinha-do-jornal-dimensao\/","title":{"rendered":"MORRE ERNESTO, ESPOSO DE PORTELINHA DO JORNAL DIMENS\u00c3O"},"content":{"rendered":"<div id=\"attachment_46049\" style=\"width: 510px\" class=\"wp-caption aligncenter\"><a href=\"http:\/\/www.sudoestehoje.com.br\/novoportal\/wp-content\/uploads\/2015\/01\/MARIDO-PORTELA.jpg\"><img loading=\"lazy\" decoding=\"async\" aria-describedby=\"caption-attachment-46049\" class=\"size-medium wp-image-46049\" src=\"http:\/\/www.sudoestehoje.com.br\/novoportal\/wp-content\/uploads\/2015\/01\/MARIDO-PORTELA-500x375.jpg\" alt=\"Foto arquivo Facebook\" width=\"500\" height=\"375\" srcset=\"https:\/\/www.sudoestehoje.com.br\/novoportal\/wp-content\/uploads\/2015\/01\/MARIDO-PORTELA-500x375.jpg 500w, https:\/\/www.sudoestehoje.com.br\/novoportal\/wp-content\/uploads\/2015\/01\/MARIDO-PORTELA-700x525.jpg 700w, https:\/\/www.sudoestehoje.com.br\/novoportal\/wp-content\/uploads\/2015\/01\/MARIDO-PORTELA-150x112.jpg 150w, https:\/\/www.sudoestehoje.com.br\/novoportal\/wp-content\/uploads\/2015\/01\/MARIDO-PORTELA.jpg 960w\" sizes=\"auto, (max-width: 500px) 100vw, 500px\" \/><\/a><p id=\"caption-attachment-46049\" class=\"wp-caption-text\">Foto arquivo Facebook<\/p><\/div>\n<p>Faleceu, na manh\u00e3 deste domingo, o ex-radialista Ernesto, esposo da nossa querida &#8216;Portelinha&#8217;, rep\u00f3rter e redatora do Jornal Dimens\u00e3o. Ernesto era diab\u00e9tico e sofreu um infarto. O corpo est\u00e1 sendo velado no Cerimonial Pax Perfei\u00e7\u00e3o e o sepultamento ser\u00e1 \u00e0s 10h desta segunda-feira.<\/p>\n<p>O Sudoeste Hoje manifesta o seu mais profundo pesar pelo passamento do amigo Ernesto, solidarizando-se com a fam\u00edlia enlutada, pela inestim\u00e1vel perda.<\/p>\n<p><strong><em>Por Davi Ferraz<\/em><\/strong><\/p>\n<p><img decoding=\"async\" class=\"aligncenter\" src=\"http:\/\/www.sudoestehoje.com.br\/novoportal\/wp-content\/uploads\/2014\/12\/skala-novo.jpg\" alt=\"skala novo\" \/><\/p>\n","protected":false},"excerpt":{"rendered":"<p>Faleceu, na manh\u00e3 deste domingo, o ex-radialista Ernesto, esposo da nossa querida &#8216;Portelinha&#8217;, rep\u00f3rter e redatora do Jornal Dimens\u00e3o. Ernesto era diab\u00e9tico e sofreu um infarto. O corpo est\u00e1 sendo velado no Cerimonial Pax Perfei\u00e7\u00e3o e o sepultamento ser\u00e1 \u00e0s 10h desta segunda-feira. O Sudoeste Hoje manifesta o seu mais profundo pesar pelo passamento do [&hellip;]<\/p>\n","protected":false},"author":2,"featured_media":46049,"comment_status":"open","ping_status":"open","sticky":false,"template":"","format":"standard","meta":{"footnotes":"","_links_to":"","_links_to_target":""},"categories":[1],"tags":[],"class_list":["post-46039","post","type-post","status-publish","format-standard","has-post-thumbnail","hentry","category-geral"],"views":2224,"_links":{"self":[{"href":"https:\/\/www.sudoestehoje.com.br\/novoportal\/wp-json\/wp\/v2\/posts\/46039","targetHints":{"allow":["GET"]}}],"collection":[{"href":"https:\/\/www.sudoestehoje.com.br\/novoportal\/wp-json\/wp\/v2\/posts"}],"about":[{"href":"https:\/\/www.sudoestehoje.com.br\/novoportal\/wp-json\/wp\/v2\/types\/post"}],"author":[{"embeddable":true,"href":"https:\/\/www.sudoestehoje.com.br\/novoportal\/wp-json\/wp\/v2\/users\/2"}],"replies":[{"embeddable":true,"href":"https:\/\/www.sudoestehoje.com.br\/novoportal\/wp-json\/wp\/v2\/comments?post=46039"}],"version-history":[{"count":5,"href":"https:\/\/www.sudoestehoje.com.br\/novoportal\/wp-json\/wp\/v2\/posts\/46039\/revisions"}],"predecessor-version":[{"id":46084,"href":"https:\/\/www.sudoestehoje.com.br\/novoportal\/wp-json\/wp\/v2\/posts\/46039\/revisions\/46084"}],"wp:featuredmedia":[{"embeddable":true,"href":"https:\/\/www.sudoestehoje.com.br\/novoportal\/wp-json\/wp\/v2\/media\/46049"}],"wp:attachment":[{"href":"https:\/\/www.sudoestehoje.com.br\/novoportal\/wp-json\/wp\/v2\/media?parent=46039"}],"wp:term":[{"taxonomy":"category","embeddable":true,"href":"https:\/\/www.sudoestehoje.com.br\/novoportal\/wp-json\/wp\/v2\/categories?post=46039"},{"taxonomy":"post_tag","embeddable":true,"href":"https:\/\/www.sudoestehoje.com.br\/novoportal\/wp-json\/wp\/v2\/tags?post=46039"}],"curies":[{"name":"wp","href":"https:\/\/api.w.org\/{rel}","templated":true}]}}