
{"id":46005,"date":"2015-01-09T00:26:48","date_gmt":"2015-01-09T03:26:48","guid":{"rendered":"http:\/\/www.sudoestehoje.com.br\/novoportal\/?p=46005"},"modified":"2015-01-09T00:32:12","modified_gmt":"2015-01-09T03:32:12","slug":"rui-diz-que-nilo-vai-para-quinto-mandato-consecutivo-na-al-ba","status":"publish","type":"post","link":"https:\/\/www.sudoestehoje.com.br\/novoportal\/2015\/01\/09\/rui-diz-que-nilo-vai-para-quinto-mandato-consecutivo-na-al-ba\/","title":{"rendered":"RUI DIZ QUE NILO VAI PARA &#8220;QUINTO MANDATO CONSECUTIVO&#8221; NA AL-BA"},"content":{"rendered":"<p><a href=\"http:\/\/www.sudoestehoje.com.br\/novoportal\/wp-content\/uploads\/2015\/01\/nilo-e-rui.jpg\"><img loading=\"lazy\" decoding=\"async\" class=\"aligncenter  wp-image-46006\" src=\"http:\/\/www.sudoestehoje.com.br\/novoportal\/wp-content\/uploads\/2015\/01\/nilo-e-rui.jpg\" alt=\"nilo e rui\" width=\"499\" height=\"368\" srcset=\"https:\/\/www.sudoestehoje.com.br\/novoportal\/wp-content\/uploads\/2015\/01\/nilo-e-rui.jpg 380w, https:\/\/www.sudoestehoje.com.br\/novoportal\/wp-content\/uploads\/2015\/01\/nilo-e-rui-150x110.jpg 150w\" sizes=\"auto, (max-width: 499px) 100vw, 499px\" \/><\/a><\/p>\n<p>Durante a visita do governador Rui Costa (PT) \u00e0 cidade de Nova Reden\u00e7\u00e3o, na Chapada Diamantina, ele declarou que o atual presidente da Assembleia Legislativa do Estado da Bahia, Marcelo Nilo (PDT) \u00e9 um <em>&#8220;companheiro e parceiro valoroso que segue para o quinto mandato consecutivo como presidente da Assembleia Legislativa&#8221;<\/em>.<\/p>\n<p>A afirma\u00e7\u00e3o desta quinta-feira (8) pode sinalizar que, apesar do petista ter declarado que n\u00e3o iria se posicionar em rela\u00e7\u00e3o \u00e0 disputa da Casa Legislativa, ele tem um favorito: Marcelo Nilo.<\/p>\n<p>Nilo est\u00e1 no seu quarto mandato consecutivo e o \u00fanico concorrente na elei\u00e7\u00e3o de fevereiro \u00e9 justamente um petista, o deputado Rosemberg Pinto. Ser\u00e1 que emplaca? Informa\u00e7\u00f5es do BN<\/p>\n<p><img decoding=\"async\" class=\"aligncenter\" src=\"http:\/\/www.sudoestehoje.com.br\/novoportal\/wp-content\/uploads\/2014\/07\/Feira-do-Lar-1.png\" alt=\"Feira-do-Lar (1)\" \/><\/p>\n","protected":false},"excerpt":{"rendered":"<p>Durante a visita do governador Rui Costa (PT) \u00e0 cidade de Nova Reden\u00e7\u00e3o, na Chapada Diamantina, ele declarou que o atual presidente da Assembleia Legislativa do Estado da Bahia, Marcelo Nilo (PDT) \u00e9 um &#8220;companheiro e parceiro valoroso que segue para o quinto mandato consecutivo como presidente da Assembleia Legislativa&#8221;. A afirma\u00e7\u00e3o desta quinta-feira (8) [&hellip;]<\/p>\n","protected":false},"author":2,"featured_media":0,"comment_status":"open","ping_status":"open","sticky":false,"template":"","format":"standard","meta":{"footnotes":"","_links_to":"","_links_to_target":""},"categories":[1],"tags":[],"class_list":["post-46005","post","type-post","status-publish","format-standard","hentry","category-geral"],"views":1195,"_links":{"self":[{"href":"https:\/\/www.sudoestehoje.com.br\/novoportal\/wp-json\/wp\/v2\/posts\/46005","targetHints":{"allow":["GET"]}}],"collection":[{"href":"https:\/\/www.sudoestehoje.com.br\/novoportal\/wp-json\/wp\/v2\/posts"}],"about":[{"href":"https:\/\/www.sudoestehoje.com.br\/novoportal\/wp-json\/wp\/v2\/types\/post"}],"author":[{"embeddable":true,"href":"https:\/\/www.sudoestehoje.com.br\/novoportal\/wp-json\/wp\/v2\/users\/2"}],"replies":[{"embeddable":true,"href":"https:\/\/www.sudoestehoje.com.br\/novoportal\/wp-json\/wp\/v2\/comments?post=46005"}],"version-history":[{"count":3,"href":"https:\/\/www.sudoestehoje.com.br\/novoportal\/wp-json\/wp\/v2\/posts\/46005\/revisions"}],"predecessor-version":[{"id":46009,"href":"https:\/\/www.sudoestehoje.com.br\/novoportal\/wp-json\/wp\/v2\/posts\/46005\/revisions\/46009"}],"wp:attachment":[{"href":"https:\/\/www.sudoestehoje.com.br\/novoportal\/wp-json\/wp\/v2\/media?parent=46005"}],"wp:term":[{"taxonomy":"category","embeddable":true,"href":"https:\/\/www.sudoestehoje.com.br\/novoportal\/wp-json\/wp\/v2\/categories?post=46005"},{"taxonomy":"post_tag","embeddable":true,"href":"https:\/\/www.sudoestehoje.com.br\/novoportal\/wp-json\/wp\/v2\/tags?post=46005"}],"curies":[{"name":"wp","href":"https:\/\/api.w.org\/{rel}","templated":true}]}}