
{"id":45991,"date":"2015-01-08T20:50:19","date_gmt":"2015-01-08T23:50:19","guid":{"rendered":"http:\/\/www.sudoestehoje.com.br\/novoportal\/?p=45991"},"modified":"2015-01-08T21:09:45","modified_gmt":"2015-01-09T00:09:45","slug":"barretao-diz-que-novo-piso-salarial-dos-professores-e-preocupante","status":"publish","type":"post","link":"https:\/\/www.sudoestehoje.com.br\/novoportal\/2015\/01\/08\/barretao-diz-que-novo-piso-salarial-dos-professores-e-preocupante\/","title":{"rendered":"BARRET\u00c3O DIZ QUE NOVO PISO SALARIAL DOS PROFESSORES \u00c9 &#8220;PREOCUPANTE&#8221;"},"content":{"rendered":"<p><a href=\"http:\/\/www.sudoestehoje.com.br\/novoportal\/wp-content\/uploads\/2015\/01\/BARRETAO.jpg\"><img loading=\"lazy\" decoding=\"async\" class=\"aligncenter  wp-image-45992\" src=\"http:\/\/www.sudoestehoje.com.br\/novoportal\/wp-content\/uploads\/2015\/01\/BARRETAO.jpg\" alt=\"BARRETAO\" width=\"501\" height=\"353\" srcset=\"https:\/\/www.sudoestehoje.com.br\/novoportal\/wp-content\/uploads\/2015\/01\/BARRETAO.jpg 355w, https:\/\/www.sudoestehoje.com.br\/novoportal\/wp-content\/uploads\/2015\/01\/BARRETAO-150x105.jpg 150w\" sizes=\"auto, (max-width: 501px) 100vw, 501px\" \/><\/a><\/p>\n<p>Afirmativa \u00e9 do secret\u00e1rio de Educa\u00e7\u00e3o da Bahia, Osvaldo Barreto; ele avalia que o aumento do piso salarial dos professores pode ser prejudicial \u00e0s finan\u00e7as do Estado; &#8220;A Secretaria de Administra\u00e7\u00e3o j\u00e1 esta calculando o impacto nas contas do governo e claro que as prefeituras v\u00e3o ter dificuldade. O aumento \u00e9 preocupante porque precisamos garantir de onde vem esse recurso&#8221;; ele, contudo, reconhece necessidade de valorizar os docentes, mas reitera preocupa\u00e7\u00e3o; &#8220;Todos os professores precisam ser valorizados, mas o piso traz problemas pra quem n\u00e3o tem o or\u00e7amento&#8221;<\/p>\n<p><img decoding=\"async\" class=\"aligncenter\" src=\"http:\/\/www.sudoestehoje.com.br\/novoportal\/wp-content\/uploads\/2014\/12\/skala-novo.jpg\" alt=\"skala novo\" \/><\/p>\n","protected":false},"excerpt":{"rendered":"<p>Afirmativa \u00e9 do secret\u00e1rio de Educa\u00e7\u00e3o da Bahia, Osvaldo Barreto; ele avalia que o aumento do piso salarial dos professores pode ser prejudicial \u00e0s finan\u00e7as do Estado; &#8220;A Secretaria de Administra\u00e7\u00e3o j\u00e1 esta calculando o impacto nas contas do governo e claro que as prefeituras v\u00e3o ter dificuldade. O aumento \u00e9 preocupante porque precisamos garantir [&hellip;]<\/p>\n","protected":false},"author":2,"featured_media":0,"comment_status":"open","ping_status":"open","sticky":false,"template":"","format":"standard","meta":{"footnotes":"","_links_to":"","_links_to_target":""},"categories":[1],"tags":[],"class_list":["post-45991","post","type-post","status-publish","format-standard","hentry","category-geral"],"views":1225,"_links":{"self":[{"href":"https:\/\/www.sudoestehoje.com.br\/novoportal\/wp-json\/wp\/v2\/posts\/45991","targetHints":{"allow":["GET"]}}],"collection":[{"href":"https:\/\/www.sudoestehoje.com.br\/novoportal\/wp-json\/wp\/v2\/posts"}],"about":[{"href":"https:\/\/www.sudoestehoje.com.br\/novoportal\/wp-json\/wp\/v2\/types\/post"}],"author":[{"embeddable":true,"href":"https:\/\/www.sudoestehoje.com.br\/novoportal\/wp-json\/wp\/v2\/users\/2"}],"replies":[{"embeddable":true,"href":"https:\/\/www.sudoestehoje.com.br\/novoportal\/wp-json\/wp\/v2\/comments?post=45991"}],"version-history":[{"count":4,"href":"https:\/\/www.sudoestehoje.com.br\/novoportal\/wp-json\/wp\/v2\/posts\/45991\/revisions"}],"predecessor-version":[{"id":45996,"href":"https:\/\/www.sudoestehoje.com.br\/novoportal\/wp-json\/wp\/v2\/posts\/45991\/revisions\/45996"}],"wp:attachment":[{"href":"https:\/\/www.sudoestehoje.com.br\/novoportal\/wp-json\/wp\/v2\/media?parent=45991"}],"wp:term":[{"taxonomy":"category","embeddable":true,"href":"https:\/\/www.sudoestehoje.com.br\/novoportal\/wp-json\/wp\/v2\/categories?post=45991"},{"taxonomy":"post_tag","embeddable":true,"href":"https:\/\/www.sudoestehoje.com.br\/novoportal\/wp-json\/wp\/v2\/tags?post=45991"}],"curies":[{"name":"wp","href":"https:\/\/api.w.org\/{rel}","templated":true}]}}