
{"id":45971,"date":"2015-01-08T02:01:06","date_gmt":"2015-01-08T05:01:06","guid":{"rendered":"http:\/\/www.sudoestehoje.com.br\/novoportal\/?p=45971"},"modified":"2015-01-08T10:45:44","modified_gmt":"2015-01-08T13:45:44","slug":"itapetinga-pode-ficar-sem-coleta-de-lixo-durante-visita-do-governador","status":"publish","type":"post","link":"https:\/\/www.sudoestehoje.com.br\/novoportal\/2015\/01\/08\/itapetinga-pode-ficar-sem-coleta-de-lixo-durante-visita-do-governador\/","title":{"rendered":"ITAPETINGA PODE FICAR SEM COLETA DE LIXO DURANTE VISITA DO GOVERNADOR"},"content":{"rendered":"<p><a href=\"http:\/\/www.sudoestehoje.com.br\/novoportal\/wp-content\/uploads\/2015\/01\/LIXO1-500x300.jpg\"><img loading=\"lazy\" decoding=\"async\" class=\"aligncenter size-full wp-image-45972\" src=\"http:\/\/www.sudoestehoje.com.br\/novoportal\/wp-content\/uploads\/2015\/01\/LIXO1-500x300.jpg\" alt=\"LIXO1-500x300\" width=\"500\" height=\"300\" srcset=\"https:\/\/www.sudoestehoje.com.br\/novoportal\/wp-content\/uploads\/2015\/01\/LIXO1-500x300.jpg 500w, https:\/\/www.sudoestehoje.com.br\/novoportal\/wp-content\/uploads\/2015\/01\/LIXO1-500x300-150x90.jpg 150w\" sizes=\"auto, (max-width: 500px) 100vw, 500px\" \/><\/a><\/p>\n<p>Com o impasse entre a prefeitura e a empresa encarregada da coleta de lixo em Itapetinga, \u00e9 prov\u00e1vel que o novo governador Rui Costa encontre a cidade num verdadeiro caos, caso os empregados da Vita Ambiental decidam paralisar a coleta nesta quinta-feira.<\/p>\n<p>Segundo informa\u00e7\u00f5es, a prefeitura est\u00e1 com tr\u00eas meses de atraso nos pagamentos \u00e0 empresa, al\u00e9m de n\u00e3o ter quitado d\u00edvidas referentes \u00e0s obras realizadas pelo mesmo grupo empresarial em Bandeira do Col\u00f4nia, passarela sobre o rio Catol\u00e9 e constru\u00e7\u00e3o das creches da Vila Riach\u00e3o e 12 de dezembro.<\/p>\n<p>Da \u00faltima vez que os funcion\u00e1rios da Vita Ambiental paralisaram suas atividades, a cidade ficou totalmente coberta de lixo, o que obrigou a prefeitura a improvisar a coleta, utilizando caminh\u00f5es boiadeiros e garis sem equipamentos de seguran\u00e7a.<\/p>\n<p>Se a coleta parar nesta quinta, Rui Costa vai sentir de perto o cheiro das mazelas que dominam a administra\u00e7\u00e3o do munic\u00edpio.<\/p>\n<p><strong><em>Por Davi Ferraz\u00a0<\/em><\/strong><\/p>\n<p><img decoding=\"async\" class=\"aligncenter\" src=\"http:\/\/www.sudoestehoje.com.br\/novoportal\/wp-content\/uploads\/2014\/11\/Logomarca-HB-Sementes-500x134.jpg\" alt=\"Logomarca HB Sementes\" \/><\/p>\n","protected":false},"excerpt":{"rendered":"<p>Com o impasse entre a prefeitura e a empresa encarregada da coleta de lixo em Itapetinga, \u00e9 prov\u00e1vel que o novo governador Rui Costa encontre a cidade num verdadeiro caos, caso os empregados da Vita Ambiental decidam paralisar a coleta nesta quinta-feira. Segundo informa\u00e7\u00f5es, a prefeitura est\u00e1 com tr\u00eas meses de atraso nos pagamentos \u00e0 [&hellip;]<\/p>\n","protected":false},"author":2,"featured_media":0,"comment_status":"open","ping_status":"open","sticky":false,"template":"","format":"standard","meta":{"footnotes":"","_links_to":"","_links_to_target":""},"categories":[1],"tags":[],"class_list":["post-45971","post","type-post","status-publish","format-standard","hentry","category-geral"],"views":1192,"_links":{"self":[{"href":"https:\/\/www.sudoestehoje.com.br\/novoportal\/wp-json\/wp\/v2\/posts\/45971","targetHints":{"allow":["GET"]}}],"collection":[{"href":"https:\/\/www.sudoestehoje.com.br\/novoportal\/wp-json\/wp\/v2\/posts"}],"about":[{"href":"https:\/\/www.sudoestehoje.com.br\/novoportal\/wp-json\/wp\/v2\/types\/post"}],"author":[{"embeddable":true,"href":"https:\/\/www.sudoestehoje.com.br\/novoportal\/wp-json\/wp\/v2\/users\/2"}],"replies":[{"embeddable":true,"href":"https:\/\/www.sudoestehoje.com.br\/novoportal\/wp-json\/wp\/v2\/comments?post=45971"}],"version-history":[{"count":4,"href":"https:\/\/www.sudoestehoje.com.br\/novoportal\/wp-json\/wp\/v2\/posts\/45971\/revisions"}],"predecessor-version":[{"id":45976,"href":"https:\/\/www.sudoestehoje.com.br\/novoportal\/wp-json\/wp\/v2\/posts\/45971\/revisions\/45976"}],"wp:attachment":[{"href":"https:\/\/www.sudoestehoje.com.br\/novoportal\/wp-json\/wp\/v2\/media?parent=45971"}],"wp:term":[{"taxonomy":"category","embeddable":true,"href":"https:\/\/www.sudoestehoje.com.br\/novoportal\/wp-json\/wp\/v2\/categories?post=45971"},{"taxonomy":"post_tag","embeddable":true,"href":"https:\/\/www.sudoestehoje.com.br\/novoportal\/wp-json\/wp\/v2\/tags?post=45971"}],"curies":[{"name":"wp","href":"https:\/\/api.w.org\/{rel}","templated":true}]}}