
{"id":4596,"date":"2011-04-26T23:51:10","date_gmt":"2011-04-27T02:51:10","guid":{"rendered":"http:\/\/www.sudoestehoje.com.br\/novoportal\/?p=4596"},"modified":"2011-04-27T01:04:36","modified_gmt":"2011-04-27T04:04:36","slug":"itapetinga-para-prefeito-nao-ha-crise-na-azaleia","status":"publish","type":"post","link":"https:\/\/www.sudoestehoje.com.br\/novoportal\/2011\/04\/26\/itapetinga-para-prefeito-nao-ha-crise-na-azaleia\/","title":{"rendered":"ITAPETINGA: PARA LOCUTOR DA PREFEITURA CRISES DA AZAL\u00c9IA E DO CRISTO N\u00c3O PASSAM DE &#8220;TERRORISMO DE BLOGS E R\u00c1DIOS&#8221;"},"content":{"rendered":"<p style=\"text-align: center;\"><a href=\"http:\/\/www.jequiereporter.com.br\/blog\/wp-content\/uploads\/2011\/03\/Azal\u00e9ia.jpg\"><img loading=\"lazy\" decoding=\"async\" title=\"Azal\u00e9ia\" src=\"http:\/\/www.jequiereporter.com.br\/blog\/wp-content\/uploads\/2011\/03\/Azal\u00e9ia.jpg\" alt=\"Desde novembro do ano passado, a Azal\u00e9ia demitiu em Itapetinga cerca de 1,4 mil trabalhadores (Foto Lauro Rocha Ag. A Tarde)\" width=\"355\" height=\"250\" \/><\/a>\u00a0<\/p>\n<p style=\"text-align: center;\"><em><strong>Locutor diz que crise da Azal\u00e9ia<\/strong><\/em><em><strong> foi inventada por blogs<\/strong><\/em><\/p>\n<p>\u00a0<\/p>\n<p>ITAPETINGA: Nesta ter\u00e7a -feira, no exato momento em que\u00a0o locutor oficial da prefeitura alardeava na R\u00e1dio Jornal que tudo vai bem na Azal\u00e9ia e\u00a0na sa\u00fade p\u00fablica\u00a0e que toda a pol\u00eamica sobre as demiss\u00f5es e sa\u00edda da f\u00e1brica\u00a0n\u00e3o passava de &#8220;terrorismo de alguns blogs e r\u00e1dios&#8221;, a dire\u00e7\u00e3o da ind\u00fastria anunciava\u00a0o fechamento de mais dois pavilh\u00f5es de sola injetada, para desespero dos pobres oper\u00e1rios, que continuam temerosos em perder os seus empregos.<\/p>\n<p>De janeiro at\u00e9 abril deste ano, a Vulcabr\u00e1s\/Azal\u00e9ia j\u00e1 demitiu mais de 3 mil oper\u00e1rios, fechou v\u00e1rios pavilh\u00f5es e galp\u00f5es, deu f\u00e9rias coletivas, e\u00a0se manifestou,\u00a0reiteradas vezes,\u00a0atrav\u00e9s da imprensa falada, escrita e digital, admitindo a crise. Mesmo assim, o prefeito Z\u00e9 Carlos (PT)\u00a0, atrav\u00e9s da propaganda oficial da prefeitura, continua negando o \u00f3bvio,\u00a0para tentar se esquivar do problema e se livrar da crescente fama de &#8220;p\u00e9 frio&#8221;.<\/p>\n<p>Ningu\u00e9m, de s\u00e3 consci\u00eancia, torce para que o pior aconte\u00e7a, mas nem por isto devemos nos calar e fazer de conta que nada est\u00e1 acontecendo. \u00c9 preciso, sim, que esta crise seja levada a s\u00e9rio e discutida, alertando a popula\u00e7\u00e3o e as autoridades, na esperan\u00e7a de que alguma provid\u00eancia seja adotada, para garantir a perman\u00eancia da Azal\u00e9ia na regi\u00e3o e estancar essa onda de demiss\u00f5es.<\/p>\n<p>Enquanto o prefeito faz a sua tradicional &#8216;enrola\u00e7\u00e3o&#8217;,\u00a0deputados do seu partido, como Jos\u00e9 Raimundo Fontes, Waldenor Pereira e at\u00e9 o pr\u00f3prio governador Wagner reconheceram a exist\u00eancia do problema e anunciaram na imprensa que est\u00e3o adotando provid\u00eancias para san\u00e1-lo. O assunto \u00e9 t\u00e3o s\u00e9rio, que j\u00e1 chegou a ser debatido entre o governador e a presidente Dilma, durante a viagem oficial \u00e0 China, segundo informou a assessoria de imprensa do Governo do Estado.<\/p>\n<p>Na contra-m\u00e3o dos fatos, entretanto,\u00a0o omisso\u00a0prefeito de Itapetinga ainda acha que o problema n\u00e3o \u00e9 com ele, finge que est\u00e1 tudo bem e ainda\u00a0manda propagar em um programa\u00a0de r\u00e1dio\u00a0que\u00a0tudo \u00e9\u00a0mentirinha, inven\u00e7\u00e3o dos blogs, subestimando a intelig\u00eancia da popula\u00e7\u00e3o,\u00a0desrespeitando a agonia dos\u00a0oper\u00e1rios que perderam seus empregos e menosprezando o com\u00e9rcio local, que j\u00e1\u00a0sente nas vendas\u00a0o\u00a0impacto da crise.<\/p>\n<p>Em um momento como este, caro prefeito, o que menos precisamos \u00e9 de gente omissa e frouxa, que\u00a0se furta em\u00a0assumir o seu verdadeiro papel, empurrando para os outros as atribui\u00e7\u00f5es que o povo lhe delegou nas urnas. Governar requer preparo, intelig\u00eancia, disciplina, honestidade, vida regrada e, acima de tudo,\u00a0responsabilidade.\u00a0\u00a0\u00a0<\/p>\n<p><em><strong>Por DAVI FERRAZ<\/strong><\/em><\/p>\n","protected":false},"excerpt":{"rendered":"<p>\u00a0 Locutor diz que crise da Azal\u00e9ia foi inventada por blogs \u00a0 ITAPETINGA: Nesta ter\u00e7a -feira, no exato momento em que\u00a0o locutor oficial da prefeitura alardeava na R\u00e1dio Jornal que tudo vai bem na Azal\u00e9ia e\u00a0na sa\u00fade p\u00fablica\u00a0e que toda a pol\u00eamica sobre as demiss\u00f5es e sa\u00edda da f\u00e1brica\u00a0n\u00e3o passava de &#8220;terrorismo de alguns blogs [&hellip;]<\/p>\n","protected":false},"author":2,"featured_media":0,"comment_status":"open","ping_status":"open","sticky":false,"template":"","format":"standard","meta":{"footnotes":"","_links_to":"","_links_to_target":""},"categories":[1],"tags":[],"class_list":["post-4596","post","type-post","status-publish","format-standard","hentry","category-geral"],"views":2164,"_links":{"self":[{"href":"https:\/\/www.sudoestehoje.com.br\/novoportal\/wp-json\/wp\/v2\/posts\/4596","targetHints":{"allow":["GET"]}}],"collection":[{"href":"https:\/\/www.sudoestehoje.com.br\/novoportal\/wp-json\/wp\/v2\/posts"}],"about":[{"href":"https:\/\/www.sudoestehoje.com.br\/novoportal\/wp-json\/wp\/v2\/types\/post"}],"author":[{"embeddable":true,"href":"https:\/\/www.sudoestehoje.com.br\/novoportal\/wp-json\/wp\/v2\/users\/2"}],"replies":[{"embeddable":true,"href":"https:\/\/www.sudoestehoje.com.br\/novoportal\/wp-json\/wp\/v2\/comments?post=4596"}],"version-history":[{"count":12,"href":"https:\/\/www.sudoestehoje.com.br\/novoportal\/wp-json\/wp\/v2\/posts\/4596\/revisions"}],"predecessor-version":[{"id":4605,"href":"https:\/\/www.sudoestehoje.com.br\/novoportal\/wp-json\/wp\/v2\/posts\/4596\/revisions\/4605"}],"wp:attachment":[{"href":"https:\/\/www.sudoestehoje.com.br\/novoportal\/wp-json\/wp\/v2\/media?parent=4596"}],"wp:term":[{"taxonomy":"category","embeddable":true,"href":"https:\/\/www.sudoestehoje.com.br\/novoportal\/wp-json\/wp\/v2\/categories?post=4596"},{"taxonomy":"post_tag","embeddable":true,"href":"https:\/\/www.sudoestehoje.com.br\/novoportal\/wp-json\/wp\/v2\/tags?post=4596"}],"curies":[{"name":"wp","href":"https:\/\/api.w.org\/{rel}","templated":true}]}}