
{"id":45959,"date":"2015-01-07T22:50:04","date_gmt":"2015-01-08T01:50:04","guid":{"rendered":"http:\/\/www.sudoestehoje.com.br\/novoportal\/?p=45959"},"modified":"2015-01-08T00:02:59","modified_gmt":"2015-01-08T03:02:59","slug":"contato-producoes-confirma-show-de-henrique-e-juliano-em-fevereiro","status":"publish","type":"post","link":"https:\/\/www.sudoestehoje.com.br\/novoportal\/2015\/01\/07\/contato-producoes-confirma-show-de-henrique-e-juliano-em-fevereiro\/","title":{"rendered":"CONTATO PRODU\u00c7\u00d5ES CONFIRMA SHOW DE HENRIQUE E JULIANO EM FEVEREIRO"},"content":{"rendered":"<p><a href=\"http:\/\/www.sudoestehoje.com.br\/novoportal\/wp-content\/uploads\/2015\/01\/HENRIQUE-E-JULIANO.png\"><img loading=\"lazy\" decoding=\"async\" class=\"aligncenter size-full wp-image-45960\" src=\"http:\/\/www.sudoestehoje.com.br\/novoportal\/wp-content\/uploads\/2015\/01\/HENRIQUE-E-JULIANO.png\" alt=\"HENRIQUE E JULIANO\" width=\"480\" height=\"360\" srcset=\"https:\/\/www.sudoestehoje.com.br\/novoportal\/wp-content\/uploads\/2015\/01\/HENRIQUE-E-JULIANO.png 480w, https:\/\/www.sudoestehoje.com.br\/novoportal\/wp-content\/uploads\/2015\/01\/HENRIQUE-E-JULIANO-150x112.png 150w\" sizes=\"auto, (max-width: 480px) 100vw, 480px\" \/><\/a><\/p>\n<p>EXCLUSIVO! \u00daltimos detalhes para mais um evento com a marca da <a class=\"profileLink\" href=\"https:\/\/www.facebook.com\/contatoproducaodeeventos\" data-hovercard=\"\/ajax\/hovercard\/page.php?id=294915540575955\">Contato Produ\u00e7\u00e3o de Eventos<\/a>, 1\u00ba de fevereiro em Itapetinga um super show com a Dupla que Arrasta Multid\u00f5es, <a class=\"profileLink\" href=\"https:\/\/www.facebook.com\/HenriqueeJuliano\" data-hovercard=\"\/ajax\/hovercard\/page.php?id=322018281211819\">Henrique e Juliano<\/a>! S\u00f3 falta definir o local.<\/p>\n<p>Aguarde mais informa\u00e7\u00f5es.<\/p>\n<p><strong><em>Por Davi Ferraz<\/em><\/strong><\/p>\n<p><img decoding=\"async\" class=\"aligncenter\" src=\"http:\/\/www.sudoestehoje.com.br\/novoportal\/wp-content\/uploads\/2014\/12\/Banner-Sudoeste-Hoje.png\" alt=\"Banner-Sudoeste-Hoje\" \/><\/p>\n","protected":false},"excerpt":{"rendered":"<p>EXCLUSIVO! \u00daltimos detalhes para mais um evento com a marca da Contato Produ\u00e7\u00e3o de Eventos, 1\u00ba de fevereiro em Itapetinga um super show com a Dupla que Arrasta Multid\u00f5es, Henrique e Juliano! S\u00f3 falta definir o local. Aguarde mais informa\u00e7\u00f5es. Por Davi Ferraz<\/p>\n","protected":false},"author":2,"featured_media":0,"comment_status":"open","ping_status":"open","sticky":false,"template":"","format":"standard","meta":{"footnotes":"","_links_to":"","_links_to_target":""},"categories":[1],"tags":[],"class_list":["post-45959","post","type-post","status-publish","format-standard","hentry","category-geral"],"views":2148,"_links":{"self":[{"href":"https:\/\/www.sudoestehoje.com.br\/novoportal\/wp-json\/wp\/v2\/posts\/45959","targetHints":{"allow":["GET"]}}],"collection":[{"href":"https:\/\/www.sudoestehoje.com.br\/novoportal\/wp-json\/wp\/v2\/posts"}],"about":[{"href":"https:\/\/www.sudoestehoje.com.br\/novoportal\/wp-json\/wp\/v2\/types\/post"}],"author":[{"embeddable":true,"href":"https:\/\/www.sudoestehoje.com.br\/novoportal\/wp-json\/wp\/v2\/users\/2"}],"replies":[{"embeddable":true,"href":"https:\/\/www.sudoestehoje.com.br\/novoportal\/wp-json\/wp\/v2\/comments?post=45959"}],"version-history":[{"count":5,"href":"https:\/\/www.sudoestehoje.com.br\/novoportal\/wp-json\/wp\/v2\/posts\/45959\/revisions"}],"predecessor-version":[{"id":45969,"href":"https:\/\/www.sudoestehoje.com.br\/novoportal\/wp-json\/wp\/v2\/posts\/45959\/revisions\/45969"}],"wp:attachment":[{"href":"https:\/\/www.sudoestehoje.com.br\/novoportal\/wp-json\/wp\/v2\/media?parent=45959"}],"wp:term":[{"taxonomy":"category","embeddable":true,"href":"https:\/\/www.sudoestehoje.com.br\/novoportal\/wp-json\/wp\/v2\/categories?post=45959"},{"taxonomy":"post_tag","embeddable":true,"href":"https:\/\/www.sudoestehoje.com.br\/novoportal\/wp-json\/wp\/v2\/tags?post=45959"}],"curies":[{"name":"wp","href":"https:\/\/api.w.org\/{rel}","templated":true}]}}