
{"id":45943,"date":"2015-01-07T14:06:09","date_gmt":"2015-01-07T17:06:09","guid":{"rendered":"http:\/\/www.sudoestehoje.com.br\/novoportal\/?p=45943"},"modified":"2015-01-08T00:01:36","modified_gmt":"2015-01-08T03:01:36","slug":"multa-para-extintor-so-em-1o-de-abril-mentira-ou-verdade","status":"publish","type":"post","link":"https:\/\/www.sudoestehoje.com.br\/novoportal\/2015\/01\/07\/multa-para-extintor-so-em-1o-de-abril-mentira-ou-verdade\/","title":{"rendered":"MULTA PARA EXTINTOR S\u00d3 EM 1\u00ba DE ABRIL: MENTIRA OU VERDADE?"},"content":{"rendered":"<p><a href=\"http:\/\/www.sudoestehoje.com.br\/novoportal\/wp-content\/uploads\/2015\/01\/68.jpg\"><img loading=\"lazy\" decoding=\"async\" class=\"aligncenter  wp-image-45944\" src=\"http:\/\/www.sudoestehoje.com.br\/novoportal\/wp-content\/uploads\/2015\/01\/68.jpg\" alt=\"68\" width=\"375\" height=\"352\" srcset=\"https:\/\/www.sudoestehoje.com.br\/novoportal\/wp-content\/uploads\/2015\/01\/68.jpg 277w, https:\/\/www.sudoestehoje.com.br\/novoportal\/wp-content\/uploads\/2015\/01\/68-150x140.jpg 150w\" sizes=\"auto, (max-width: 375px) 100vw, 375px\" \/><\/a><\/p>\n<p>Saiu agora no Jornal Hoje que o governo anunciou a data de 1\u00ba de abril para entrar em vigor a obrigatoriedade do extintor de inc\u00eandio ABC nos ve\u00edculos, em todo o pa\u00eds.<\/p>\n<p>Como a data \u00e9 conhecida com &#8216;O Dia da Mentira&#8217;, tem muita gente duvidando que a nova exig\u00eancia ser\u00e1 levada adiante. Tem at\u00e9 quem acredite que o guarda vai lavrar a multa e dizer: &#8220;1\u00ba de abril!!!!&#8221;. Ser\u00e1?<\/p>\n<p><strong><em>Por Davi Ferraz<\/em><\/strong><\/p>\n<p><img decoding=\"async\" class=\"aligncenter\" src=\"http:\/\/www.sudoestehoje.com.br\/novoportal\/wp-content\/uploads\/2014\/08\/%C3%93TICA-ITAPUAN-BANNER1.jpg\" alt=\"\u00d3TICA-ITAPUAN-BANNER1\" \/><\/p>\n","protected":false},"excerpt":{"rendered":"<p>Saiu agora no Jornal Hoje que o governo anunciou a data de 1\u00ba de abril para entrar em vigor a obrigatoriedade do extintor de inc\u00eandio ABC nos ve\u00edculos, em todo o pa\u00eds. Como a data \u00e9 conhecida com &#8216;O Dia da Mentira&#8217;, tem muita gente duvidando que a nova exig\u00eancia ser\u00e1 levada adiante. Tem at\u00e9 [&hellip;]<\/p>\n","protected":false},"author":2,"featured_media":0,"comment_status":"open","ping_status":"open","sticky":false,"template":"","format":"standard","meta":{"footnotes":"","_links_to":"","_links_to_target":""},"categories":[1],"tags":[],"class_list":["post-45943","post","type-post","status-publish","format-standard","hentry","category-geral"],"views":935,"_links":{"self":[{"href":"https:\/\/www.sudoestehoje.com.br\/novoportal\/wp-json\/wp\/v2\/posts\/45943","targetHints":{"allow":["GET"]}}],"collection":[{"href":"https:\/\/www.sudoestehoje.com.br\/novoportal\/wp-json\/wp\/v2\/posts"}],"about":[{"href":"https:\/\/www.sudoestehoje.com.br\/novoportal\/wp-json\/wp\/v2\/types\/post"}],"author":[{"embeddable":true,"href":"https:\/\/www.sudoestehoje.com.br\/novoportal\/wp-json\/wp\/v2\/users\/2"}],"replies":[{"embeddable":true,"href":"https:\/\/www.sudoestehoje.com.br\/novoportal\/wp-json\/wp\/v2\/comments?post=45943"}],"version-history":[{"count":2,"href":"https:\/\/www.sudoestehoje.com.br\/novoportal\/wp-json\/wp\/v2\/posts\/45943\/revisions"}],"predecessor-version":[{"id":45968,"href":"https:\/\/www.sudoestehoje.com.br\/novoportal\/wp-json\/wp\/v2\/posts\/45943\/revisions\/45968"}],"wp:attachment":[{"href":"https:\/\/www.sudoestehoje.com.br\/novoportal\/wp-json\/wp\/v2\/media?parent=45943"}],"wp:term":[{"taxonomy":"category","embeddable":true,"href":"https:\/\/www.sudoestehoje.com.br\/novoportal\/wp-json\/wp\/v2\/categories?post=45943"},{"taxonomy":"post_tag","embeddable":true,"href":"https:\/\/www.sudoestehoje.com.br\/novoportal\/wp-json\/wp\/v2\/tags?post=45943"}],"curies":[{"name":"wp","href":"https:\/\/api.w.org\/{rel}","templated":true}]}}