
{"id":45927,"date":"2015-01-07T11:16:59","date_gmt":"2015-01-07T14:16:59","guid":{"rendered":"http:\/\/www.sudoestehoje.com.br\/novoportal\/?p=45927"},"modified":"2015-01-07T11:17:53","modified_gmt":"2015-01-07T14:17:53","slug":"conquista-grave-acidente-deixa-dois-mortos-e-um-ferido-na-br-116","status":"publish","type":"post","link":"https:\/\/www.sudoestehoje.com.br\/novoportal\/2015\/01\/07\/conquista-grave-acidente-deixa-dois-mortos-e-um-ferido-na-br-116\/","title":{"rendered":"CONQUISTA: GRAVE ACIDENTE DEIXA DOIS MORTOS E UM FERIDO NA BR-116"},"content":{"rendered":"<p><a href=\"http:\/\/www.sudoestehoje.com.br\/novoportal\/wp-content\/uploads\/2015\/01\/acid.jpg\"><img loading=\"lazy\" decoding=\"async\" class=\"aligncenter  wp-image-45928\" src=\"http:\/\/www.sudoestehoje.com.br\/novoportal\/wp-content\/uploads\/2015\/01\/acid.jpg\" alt=\"acid\" width=\"500\" height=\"333\" srcset=\"https:\/\/www.sudoestehoje.com.br\/novoportal\/wp-content\/uploads\/2015\/01\/acid.jpg 420w, https:\/\/www.sudoestehoje.com.br\/novoportal\/wp-content\/uploads\/2015\/01\/acid-150x100.jpg 150w\" sizes=\"auto, (max-width: 500px) 100vw, 500px\" \/><\/a><\/p>\n<p>Duas pessoas morreram e uma ficou ferida ap\u00f3s batida entre uma carreta e um carro de passeio na madrugada desta quarta-feira (7), no Km-789, da BR-116, em frente ao Posto S\u00e3o Jorge, em Vit\u00f3ria da Conquista. As informa\u00e7\u00f5es s\u00e3o da Pol\u00edcia Rodovi\u00e1ria Federal (PRF). Segundo o \u00f3rg\u00e3o, a carreta sa\u00eda de um posto de combust\u00edveis quando colidiu com o ve\u00edculo. O condutor e um carona do carro, de 43 e 40 anos, morreram na hora. J\u00e1 a terceira pessoa que estava no mesmo ve\u00edculo, sofreu les\u00f5es leves.<\/p>\n<p><a href=\"http:\/\/www.sudoestehoje.com.br\/novoportal\/wp-content\/uploads\/2015\/01\/acid-1.jpg\"><img loading=\"lazy\" decoding=\"async\" class=\"aligncenter  wp-image-45929\" src=\"http:\/\/www.sudoestehoje.com.br\/novoportal\/wp-content\/uploads\/2015\/01\/acid-1.jpg\" alt=\"acid 1\" width=\"500\" height=\"332\" srcset=\"https:\/\/www.sudoestehoje.com.br\/novoportal\/wp-content\/uploads\/2015\/01\/acid-1.jpg 420w, https:\/\/www.sudoestehoje.com.br\/novoportal\/wp-content\/uploads\/2015\/01\/acid-1-150x99.jpg 150w\" sizes=\"auto, (max-width: 500px) 100vw, 500px\" \/><\/a><\/p>\n<p>O ferido, ainda de acordo com a pol\u00edcia, foi levado pela equipe de emerg\u00eancia m\u00f3vel da Via Bahia para o Hospital Geral de Vit\u00f3ria da Conquista. O estado de sa\u00fade dele \u00e9 desconhecido, assim como a identifica\u00e7\u00e3o. Segundo a pol\u00edcia, os corpos foram encaminhados para o Instituto M\u00e9dico Legal (IML) de Conquista. Ainda de acordo com a pol\u00edcia, ap\u00f3s o acidente, o motorista da carreta foi ouvido e conduzido para Delegacia de Pol\u00edcia da cidade de Planalto. Informa\u00e7\u00f5es do G1.<\/p>\n<p><img decoding=\"async\" class=\"aligncenter\" src=\"http:\/\/www.sudoestehoje.com.br\/novoportal\/wp-content\/uploads\/2014\/07\/Feira-do-Lar-1.png\" alt=\"Feira-do-Lar (1)\" \/><\/p>\n","protected":false},"excerpt":{"rendered":"<p>Duas pessoas morreram e uma ficou ferida ap\u00f3s batida entre uma carreta e um carro de passeio na madrugada desta quarta-feira (7), no Km-789, da BR-116, em frente ao Posto S\u00e3o Jorge, em Vit\u00f3ria da Conquista. As informa\u00e7\u00f5es s\u00e3o da Pol\u00edcia Rodovi\u00e1ria Federal (PRF). Segundo o \u00f3rg\u00e3o, a carreta sa\u00eda de um posto de combust\u00edveis [&hellip;]<\/p>\n","protected":false},"author":2,"featured_media":0,"comment_status":"open","ping_status":"open","sticky":false,"template":"","format":"standard","meta":{"footnotes":"","_links_to":"","_links_to_target":""},"categories":[1],"tags":[],"class_list":["post-45927","post","type-post","status-publish","format-standard","hentry","category-geral"],"views":1390,"_links":{"self":[{"href":"https:\/\/www.sudoestehoje.com.br\/novoportal\/wp-json\/wp\/v2\/posts\/45927","targetHints":{"allow":["GET"]}}],"collection":[{"href":"https:\/\/www.sudoestehoje.com.br\/novoportal\/wp-json\/wp\/v2\/posts"}],"about":[{"href":"https:\/\/www.sudoestehoje.com.br\/novoportal\/wp-json\/wp\/v2\/types\/post"}],"author":[{"embeddable":true,"href":"https:\/\/www.sudoestehoje.com.br\/novoportal\/wp-json\/wp\/v2\/users\/2"}],"replies":[{"embeddable":true,"href":"https:\/\/www.sudoestehoje.com.br\/novoportal\/wp-json\/wp\/v2\/comments?post=45927"}],"version-history":[{"count":3,"href":"https:\/\/www.sudoestehoje.com.br\/novoportal\/wp-json\/wp\/v2\/posts\/45927\/revisions"}],"predecessor-version":[{"id":45932,"href":"https:\/\/www.sudoestehoje.com.br\/novoportal\/wp-json\/wp\/v2\/posts\/45927\/revisions\/45932"}],"wp:attachment":[{"href":"https:\/\/www.sudoestehoje.com.br\/novoportal\/wp-json\/wp\/v2\/media?parent=45927"}],"wp:term":[{"taxonomy":"category","embeddable":true,"href":"https:\/\/www.sudoestehoje.com.br\/novoportal\/wp-json\/wp\/v2\/categories?post=45927"},{"taxonomy":"post_tag","embeddable":true,"href":"https:\/\/www.sudoestehoje.com.br\/novoportal\/wp-json\/wp\/v2\/tags?post=45927"}],"curies":[{"name":"wp","href":"https:\/\/api.w.org\/{rel}","templated":true}]}}