
{"id":4592,"date":"2011-04-26T12:42:01","date_gmt":"2011-04-26T15:42:01","guid":{"rendered":"http:\/\/www.sudoestehoje.com.br\/novoportal\/?p=4592"},"modified":"2011-04-26T12:42:01","modified_gmt":"2011-04-26T15:42:01","slug":"alta-dos-precos-deixa-dilma-preocupada","status":"publish","type":"post","link":"https:\/\/www.sudoestehoje.com.br\/novoportal\/2011\/04\/26\/alta-dos-precos-deixa-dilma-preocupada\/","title":{"rendered":"Alta dos pre\u00e7os deixa Dilma preocupada"},"content":{"rendered":"<p style=\"text-align: center;\"><a href=\"http:\/\/www.politicalivre.com.br\/wp-content\/uploads\/2011\/04\/dilmachora300x225.jpg\"><img loading=\"lazy\" decoding=\"async\" title=\"dilmachora300x225\" src=\"http:\/\/www.politicalivre.com.br\/wp-content\/uploads\/2011\/04\/dilmachora300x225.jpg\" alt=\"\" width=\"300\" height=\"225\" \/><\/a><\/p>\n<p style=\"text-align: center;\"><em><strong>Dilma Rouseff prometeu combater a infla\u00e7\u00e3o<\/strong><\/em><\/p>\n<p>\u00a0<\/p>\n<p>No mesmo dia em que economistas do mercado financeiro elevaram pela s\u00e9tima vez consecutiva a previs\u00e3o para a alta de pre\u00e7os neste ano, a presidente Dilma Rousseff prometeu ontem um combate acirrado \u00e0 infla\u00e7\u00e3o. Segundo a presidente, ela traz \u201cimensa preocupa\u00e7\u00e3o\u201d ao governo federal. Dilma fez as afirma\u00e7\u00f5es ao deixar o posto m\u00e9dico do Pal\u00e1cio do Planalto, onde participou da campanha de vacina\u00e7\u00e3o contra gripe. A presidente fez coment\u00e1rios sobre a vacina e come\u00e7ou a deixar o local. Questionada sobre a infla\u00e7\u00e3o, disse: \u201cVolto s\u00f3 para falar isso\u201d. Ela, no entanto, n\u00e3o contou se haver\u00e1 novas medidas para segurar os pre\u00e7os. \u201cN\u00f3s temos imensa preocupa\u00e7\u00e3o com a infla\u00e7\u00e3o. N\u00e3o haver\u00e1 hip\u00f3tese alguma de que o governo se desmobilize diante da infla\u00e7\u00e3o. Todas as nossas aten\u00e7\u00f5es est\u00e3o voltadas para o combate acirrado da infla\u00e7\u00e3o\u201d, afirmou. Leia mais na <a href=\"http:\/\/www1.folha.uol.com.br\/fsp\/poder\/po2604201106.htm\" target=\"_blank\">Folha<\/a> (para assinantes).<\/p>\n","protected":false},"excerpt":{"rendered":"<p>Dilma Rouseff prometeu combater a infla\u00e7\u00e3o \u00a0 No mesmo dia em que economistas do mercado financeiro elevaram pela s\u00e9tima vez consecutiva a previs\u00e3o para a alta de pre\u00e7os neste ano, a presidente Dilma Rousseff prometeu ontem um combate acirrado \u00e0 infla\u00e7\u00e3o. Segundo a presidente, ela traz \u201cimensa preocupa\u00e7\u00e3o\u201d ao governo federal. Dilma fez as afirma\u00e7\u00f5es [&hellip;]<\/p>\n","protected":false},"author":2,"featured_media":0,"comment_status":"open","ping_status":"open","sticky":false,"template":"","format":"standard","meta":{"footnotes":"","_links_to":"","_links_to_target":""},"categories":[1],"tags":[],"class_list":["post-4592","post","type-post","status-publish","format-standard","hentry","category-geral"],"views":1275,"_links":{"self":[{"href":"https:\/\/www.sudoestehoje.com.br\/novoportal\/wp-json\/wp\/v2\/posts\/4592","targetHints":{"allow":["GET"]}}],"collection":[{"href":"https:\/\/www.sudoestehoje.com.br\/novoportal\/wp-json\/wp\/v2\/posts"}],"about":[{"href":"https:\/\/www.sudoestehoje.com.br\/novoportal\/wp-json\/wp\/v2\/types\/post"}],"author":[{"embeddable":true,"href":"https:\/\/www.sudoestehoje.com.br\/novoportal\/wp-json\/wp\/v2\/users\/2"}],"replies":[{"embeddable":true,"href":"https:\/\/www.sudoestehoje.com.br\/novoportal\/wp-json\/wp\/v2\/comments?post=4592"}],"version-history":[{"count":3,"href":"https:\/\/www.sudoestehoje.com.br\/novoportal\/wp-json\/wp\/v2\/posts\/4592\/revisions"}],"predecessor-version":[{"id":4595,"href":"https:\/\/www.sudoestehoje.com.br\/novoportal\/wp-json\/wp\/v2\/posts\/4592\/revisions\/4595"}],"wp:attachment":[{"href":"https:\/\/www.sudoestehoje.com.br\/novoportal\/wp-json\/wp\/v2\/media?parent=4592"}],"wp:term":[{"taxonomy":"category","embeddable":true,"href":"https:\/\/www.sudoestehoje.com.br\/novoportal\/wp-json\/wp\/v2\/categories?post=4592"},{"taxonomy":"post_tag","embeddable":true,"href":"https:\/\/www.sudoestehoje.com.br\/novoportal\/wp-json\/wp\/v2\/tags?post=4592"}],"curies":[{"name":"wp","href":"https:\/\/api.w.org\/{rel}","templated":true}]}}