
{"id":45911,"date":"2015-01-07T01:44:45","date_gmt":"2015-01-07T04:44:45","guid":{"rendered":"http:\/\/www.sudoestehoje.com.br\/novoportal\/?p=45911"},"modified":"2015-01-07T10:44:40","modified_gmt":"2015-01-07T13:44:40","slug":"moradores-da-vila-isabel-cobram-conservacao-do-campo-de-futebol","status":"publish","type":"post","link":"https:\/\/www.sudoestehoje.com.br\/novoportal\/2015\/01\/07\/moradores-da-vila-isabel-cobram-conservacao-do-campo-de-futebol\/","title":{"rendered":"MORADORES DA VILA ISABEL COBRAM CONSERVA\u00c7\u00c3O DO CAMPO DE FUTEBOL"},"content":{"rendered":"<p><a href=\"http:\/\/www.sudoestehoje.com.br\/novoportal\/wp-content\/uploads\/2015\/01\/CAMPO-1.jpg\"><img loading=\"lazy\" decoding=\"async\" class=\"aligncenter size-full wp-image-45913\" src=\"http:\/\/www.sudoestehoje.com.br\/novoportal\/wp-content\/uploads\/2015\/01\/CAMPO-1.jpg\" alt=\"CAMPO 1\" width=\"480\" height=\"360\" srcset=\"https:\/\/www.sudoestehoje.com.br\/novoportal\/wp-content\/uploads\/2015\/01\/CAMPO-1.jpg 480w, https:\/\/www.sudoestehoje.com.br\/novoportal\/wp-content\/uploads\/2015\/01\/CAMPO-1-150x112.jpg 150w\" sizes=\"auto, (max-width: 480px) 100vw, 480px\" \/><\/a>Atrav\u00e9s de mensagem encaminhada ao blog, um morador da Vila Isabel pede provid\u00eancias da prefeitura na limpeza e conserva\u00e7\u00e3o do campo de futebol do bairro, que foi abandonado pelo secret\u00e1rio de esportes, Joilson Santos. Confira a mensagem e as fotos encaminhadas pelo nosso leitor:<\/p>\n<p><em>&#8220;Ol\u00e1, grande Daviz\u00e3o, boa tarde. Estou te mandando essas fotos do campo de futebol do bairro Vila Isabel, veja a situa\u00e7\u00e3o em que se encontra, largado pelo administra\u00e7\u00e3o municipal e tamb\u00e9m pela secretaria municipal de esportes, e ainda no bairro temos uma vereadora e um secret\u00e1rio que nada fazem para melhorar as condi\u00e7\u00f5es do mesmo, do jeito que est\u00e1 indo logo logo ter\u00e1 ai uma invas\u00e3o igual a que houve no campo da vila riach\u00e3o. Espero que ao ver essas fotos as autoridades do nosso munic\u00edpio (se \u00e9 que tem autoridades) possam tomar provid\u00eancias, pois acho que por ai no meio desse mato j\u00e1 deve ter cobras e escorpi\u00f5es. E a \u00fanica pra\u00e7a do bairro tamb\u00e9m t\u00e1 do mesmo jeito.&#8221;<\/em>. CONFIRA MAIS FOTOS:<\/p>\n<p><img decoding=\"async\" class=\"aligncenter\" src=\"http:\/\/www.sudoestehoje.com.br\/novoportal\/wp-content\/uploads\/2014\/09\/supermoda.png\" alt=\"supermoda\" \/><!--more--><\/p>\n<p><a href=\"http:\/\/www.sudoestehoje.com.br\/novoportal\/wp-content\/uploads\/2015\/01\/CAMPO-2.jpg\"><img loading=\"lazy\" decoding=\"async\" class=\"aligncenter size-medium wp-image-45914\" src=\"http:\/\/www.sudoestehoje.com.br\/novoportal\/wp-content\/uploads\/2015\/01\/CAMPO-2-500x375.jpg\" alt=\"CAMPO 2\" width=\"500\" height=\"375\" srcset=\"https:\/\/www.sudoestehoje.com.br\/novoportal\/wp-content\/uploads\/2015\/01\/CAMPO-2-500x375.jpg 500w, https:\/\/www.sudoestehoje.com.br\/novoportal\/wp-content\/uploads\/2015\/01\/CAMPO-2-700x525.jpg 700w, https:\/\/www.sudoestehoje.com.br\/novoportal\/wp-content\/uploads\/2015\/01\/CAMPO-2-150x112.jpg 150w, https:\/\/www.sudoestehoje.com.br\/novoportal\/wp-content\/uploads\/2015\/01\/CAMPO-2.jpg 960w\" sizes=\"auto, (max-width: 500px) 100vw, 500px\" \/><\/a><\/p>\n<p><a href=\"http:\/\/www.sudoestehoje.com.br\/novoportal\/wp-content\/uploads\/2015\/01\/CAMPO-3.jpg\"><img loading=\"lazy\" decoding=\"async\" class=\"aligncenter size-medium wp-image-45915\" src=\"http:\/\/www.sudoestehoje.com.br\/novoportal\/wp-content\/uploads\/2015\/01\/CAMPO-3-500x375.jpg\" alt=\"CAMPO 3\" width=\"500\" height=\"375\" srcset=\"https:\/\/www.sudoestehoje.com.br\/novoportal\/wp-content\/uploads\/2015\/01\/CAMPO-3-500x375.jpg 500w, https:\/\/www.sudoestehoje.com.br\/novoportal\/wp-content\/uploads\/2015\/01\/CAMPO-3-700x525.jpg 700w, https:\/\/www.sudoestehoje.com.br\/novoportal\/wp-content\/uploads\/2015\/01\/CAMPO-3-150x112.jpg 150w, https:\/\/www.sudoestehoje.com.br\/novoportal\/wp-content\/uploads\/2015\/01\/CAMPO-3.jpg 960w\" sizes=\"auto, (max-width: 500px) 100vw, 500px\" \/><\/a><\/p>\n<p><a href=\"http:\/\/www.sudoestehoje.com.br\/novoportal\/wp-content\/uploads\/2015\/01\/CAMPO-4.jpg\"><img loading=\"lazy\" decoding=\"async\" class=\"aligncenter size-medium wp-image-45916\" src=\"http:\/\/www.sudoestehoje.com.br\/novoportal\/wp-content\/uploads\/2015\/01\/CAMPO-4-500x666.jpg\" alt=\"CAMPO 4\" width=\"500\" height=\"666\" srcset=\"https:\/\/www.sudoestehoje.com.br\/novoportal\/wp-content\/uploads\/2015\/01\/CAMPO-4-500x666.jpg 500w, https:\/\/www.sudoestehoje.com.br\/novoportal\/wp-content\/uploads\/2015\/01\/CAMPO-4-675x900.jpg 675w, https:\/\/www.sudoestehoje.com.br\/novoportal\/wp-content\/uploads\/2015\/01\/CAMPO-4-112x150.jpg 112w, https:\/\/www.sudoestehoje.com.br\/novoportal\/wp-content\/uploads\/2015\/01\/CAMPO-4.jpg 720w\" sizes=\"auto, (max-width: 500px) 100vw, 500px\" \/><\/a><\/p>\n<p><strong><em>Por Davi Ferraz<\/em><\/strong><\/p>\n","protected":false},"excerpt":{"rendered":"<p>Atrav\u00e9s de mensagem encaminhada ao blog, um morador da Vila Isabel pede provid\u00eancias da prefeitura na limpeza e conserva\u00e7\u00e3o do campo de futebol do bairro, que foi abandonado pelo secret\u00e1rio de esportes, Joilson Santos. Confira a mensagem e as fotos encaminhadas pelo nosso leitor: &#8220;Ol\u00e1, grande Daviz\u00e3o, boa tarde. Estou te mandando essas fotos do [&hellip;]<\/p>\n","protected":false},"author":2,"featured_media":0,"comment_status":"open","ping_status":"open","sticky":false,"template":"","format":"standard","meta":{"footnotes":"","_links_to":"","_links_to_target":""},"categories":[1],"tags":[],"class_list":["post-45911","post","type-post","status-publish","format-standard","hentry","category-geral"],"views":1368,"_links":{"self":[{"href":"https:\/\/www.sudoestehoje.com.br\/novoportal\/wp-json\/wp\/v2\/posts\/45911","targetHints":{"allow":["GET"]}}],"collection":[{"href":"https:\/\/www.sudoestehoje.com.br\/novoportal\/wp-json\/wp\/v2\/posts"}],"about":[{"href":"https:\/\/www.sudoestehoje.com.br\/novoportal\/wp-json\/wp\/v2\/types\/post"}],"author":[{"embeddable":true,"href":"https:\/\/www.sudoestehoje.com.br\/novoportal\/wp-json\/wp\/v2\/users\/2"}],"replies":[{"embeddable":true,"href":"https:\/\/www.sudoestehoje.com.br\/novoportal\/wp-json\/wp\/v2\/comments?post=45911"}],"version-history":[{"count":5,"href":"https:\/\/www.sudoestehoje.com.br\/novoportal\/wp-json\/wp\/v2\/posts\/45911\/revisions"}],"predecessor-version":[{"id":45921,"href":"https:\/\/www.sudoestehoje.com.br\/novoportal\/wp-json\/wp\/v2\/posts\/45911\/revisions\/45921"}],"wp:attachment":[{"href":"https:\/\/www.sudoestehoje.com.br\/novoportal\/wp-json\/wp\/v2\/media?parent=45911"}],"wp:term":[{"taxonomy":"category","embeddable":true,"href":"https:\/\/www.sudoestehoje.com.br\/novoportal\/wp-json\/wp\/v2\/categories?post=45911"},{"taxonomy":"post_tag","embeddable":true,"href":"https:\/\/www.sudoestehoje.com.br\/novoportal\/wp-json\/wp\/v2\/tags?post=45911"}],"curies":[{"name":"wp","href":"https:\/\/api.w.org\/{rel}","templated":true}]}}