
{"id":45900,"date":"2015-01-06T20:31:14","date_gmt":"2015-01-06T23:31:14","guid":{"rendered":"http:\/\/www.sudoestehoje.com.br\/novoportal\/?p=45900"},"modified":"2015-01-07T10:42:29","modified_gmt":"2015-01-07T13:42:29","slug":"irritado-lula-diz-que-mercadante-sequestrou-o-governo","status":"publish","type":"post","link":"https:\/\/www.sudoestehoje.com.br\/novoportal\/2015\/01\/06\/irritado-lula-diz-que-mercadante-sequestrou-o-governo\/","title":{"rendered":"IRRITADO, LULA DIZ QUE MERCADANTE &#8220;SEQUESTROU O GOVERNO&#8221;"},"content":{"rendered":"<div id=\"attachment_45901\" style=\"width: 510px\" class=\"wp-caption aligncenter\"><a href=\"http:\/\/www.sudoestehoje.com.br\/novoportal\/wp-content\/uploads\/2015\/01\/Lula-Dilma-Mercadante-1024x608.jpg\"><img loading=\"lazy\" decoding=\"async\" aria-describedby=\"caption-attachment-45901\" class=\"size-medium wp-image-45901\" src=\"http:\/\/www.sudoestehoje.com.br\/novoportal\/wp-content\/uploads\/2015\/01\/Lula-Dilma-Mercadante-1024x608-500x296.jpg\" alt=\"LULA CULPA MERCADANTE PELAS M\u00c1S ESCOLHAS DE DILMA E O ACUSA DE \u2018SEQUESTRAR O GOVERNO\u2019.\" width=\"500\" height=\"296\" srcset=\"https:\/\/www.sudoestehoje.com.br\/novoportal\/wp-content\/uploads\/2015\/01\/Lula-Dilma-Mercadante-1024x608-500x296.jpg 500w, https:\/\/www.sudoestehoje.com.br\/novoportal\/wp-content\/uploads\/2015\/01\/Lula-Dilma-Mercadante-1024x608-700x415.jpg 700w, https:\/\/www.sudoestehoje.com.br\/novoportal\/wp-content\/uploads\/2015\/01\/Lula-Dilma-Mercadante-1024x608-150x89.jpg 150w, https:\/\/www.sudoestehoje.com.br\/novoportal\/wp-content\/uploads\/2015\/01\/Lula-Dilma-Mercadante-1024x608.jpg 1024w\" sizes=\"auto, (max-width: 500px) 100vw, 500px\" \/><\/a><p id=\"caption-attachment-45901\" class=\"wp-caption-text\">LULA CULPA MERCADANTE PELAS M\u00c1S ESCOLHAS PARA MINIST\u00c9RIO DE DILMA E O ACUSA DE \u2018SEQUESTRAR O GOVERNO\u2019.<\/p><\/div>\n<p>O ex-presidente Lula atribui ao ministro Aloizio Mercadante (Casa Civil) as negocia\u00e7\u00f5es que considera desastrosas para forma\u00e7\u00e3o do minist\u00e9rio do governo Dilma II. Em reuni\u00e3o com pol\u00edticos aliados, h\u00e1 dias, ele afirmou, muito irritado: \u201cMercadante sequestrou o governo!\u201d. Lula acha que Dilma levou em conta apenas as opini\u00f5es do ministro, que para ele n\u00e3o \u00e9 exatamente o articulador pol\u00edtico mais inteligente e perspicaz.<\/p>\n<p>Lula recebeu aliados que o procuraram para se queixar das escolhas da presidenta Dilma para os minist\u00e9rios no segundo mandato.<\/p>\n<p>Ap\u00f3s falar mal de Aloizio Mercadante, Lula pediu reserva, mas dois parlamentares presentes relataram a conversa \u00e0 coluna.<\/p>\n<p>O ex-presidente jamais escondeu sua antipatia por Mercadante. Sempre o manteve distante do n\u00facleo de decis\u00e3o do seu governo.<\/p>\n<p>Um po\u00e7o de m\u00e1goas com a sucessora, Lula teve participa\u00e7\u00e3o discreta na posse dela. Foi embora de fininho, antes de terminar a cerim\u00f4nia. Leia mais na <a href=\"http:\/\/diariodopoder.com.br\/coluna\/\">Coluna Cl\u00e1udio Humberto<\/a>.<\/p>\n<p><img decoding=\"async\" class=\"aligncenter\" src=\"http:\/\/www.sudoestehoje.com.br\/novoportal\/wp-content\/uploads\/2014\/11\/RAMOS-PNEUS-HORIZONTAL-500x332.jpg\" alt=\"RAMOS PNEUS HORIZONTAL\" \/><\/p>\n","protected":false},"excerpt":{"rendered":"<p>O ex-presidente Lula atribui ao ministro Aloizio Mercadante (Casa Civil) as negocia\u00e7\u00f5es que considera desastrosas para forma\u00e7\u00e3o do minist\u00e9rio do governo Dilma II. Em reuni\u00e3o com pol\u00edticos aliados, h\u00e1 dias, ele afirmou, muito irritado: \u201cMercadante sequestrou o governo!\u201d. Lula acha que Dilma levou em conta apenas as opini\u00f5es do ministro, que para ele n\u00e3o \u00e9 [&hellip;]<\/p>\n","protected":false},"author":2,"featured_media":0,"comment_status":"open","ping_status":"open","sticky":false,"template":"","format":"standard","meta":{"footnotes":"","_links_to":"","_links_to_target":""},"categories":[1],"tags":[],"class_list":["post-45900","post","type-post","status-publish","format-standard","hentry","category-geral"],"views":1168,"_links":{"self":[{"href":"https:\/\/www.sudoestehoje.com.br\/novoportal\/wp-json\/wp\/v2\/posts\/45900","targetHints":{"allow":["GET"]}}],"collection":[{"href":"https:\/\/www.sudoestehoje.com.br\/novoportal\/wp-json\/wp\/v2\/posts"}],"about":[{"href":"https:\/\/www.sudoestehoje.com.br\/novoportal\/wp-json\/wp\/v2\/types\/post"}],"author":[{"embeddable":true,"href":"https:\/\/www.sudoestehoje.com.br\/novoportal\/wp-json\/wp\/v2\/users\/2"}],"replies":[{"embeddable":true,"href":"https:\/\/www.sudoestehoje.com.br\/novoportal\/wp-json\/wp\/v2\/comments?post=45900"}],"version-history":[{"count":4,"href":"https:\/\/www.sudoestehoje.com.br\/novoportal\/wp-json\/wp\/v2\/posts\/45900\/revisions"}],"predecessor-version":[{"id":45919,"href":"https:\/\/www.sudoestehoje.com.br\/novoportal\/wp-json\/wp\/v2\/posts\/45900\/revisions\/45919"}],"wp:attachment":[{"href":"https:\/\/www.sudoestehoje.com.br\/novoportal\/wp-json\/wp\/v2\/media?parent=45900"}],"wp:term":[{"taxonomy":"category","embeddable":true,"href":"https:\/\/www.sudoestehoje.com.br\/novoportal\/wp-json\/wp\/v2\/categories?post=45900"},{"taxonomy":"post_tag","embeddable":true,"href":"https:\/\/www.sudoestehoje.com.br\/novoportal\/wp-json\/wp\/v2\/tags?post=45900"}],"curies":[{"name":"wp","href":"https:\/\/api.w.org\/{rel}","templated":true}]}}