
{"id":45878,"date":"2015-01-05T21:45:19","date_gmt":"2015-01-06T00:45:19","guid":{"rendered":"http:\/\/www.sudoestehoje.com.br\/novoportal\/?p=45878"},"modified":"2015-01-06T19:56:44","modified_gmt":"2015-01-06T22:56:44","slug":"denatran-adia-por-90-dias-aplicacao-de-multa-para-extintor-antigo","status":"publish","type":"post","link":"https:\/\/www.sudoestehoje.com.br\/novoportal\/2015\/01\/05\/denatran-adia-por-90-dias-aplicacao-de-multa-para-extintor-antigo\/","title":{"rendered":"DENATRAN ADIA POR 90 DIAS APLICA\u00c7\u00c3O DE MULTA PARA EXTINTOR ANTIGO"},"content":{"rendered":"<p><a href=\"http:\/\/www.sudoestehoje.com.br\/novoportal\/wp-content\/uploads\/2015\/01\/Novo-extintor-de-inc\u00eandio-para-carros.jpg\"><img loading=\"lazy\" decoding=\"async\" class=\"wp-image-45879 alignleft\" src=\"http:\/\/www.sudoestehoje.com.br\/novoportal\/wp-content\/uploads\/2015\/01\/Novo-extintor-de-inc\u00eandio-para-carros-500x500.jpg\" alt=\"Novo-extintor-de-inc\u00eandio-para-carros\" width=\"249\" height=\"249\" srcset=\"https:\/\/www.sudoestehoje.com.br\/novoportal\/wp-content\/uploads\/2015\/01\/Novo-extintor-de-inc\u00eandio-para-carros-500x500.jpg 500w, https:\/\/www.sudoestehoje.com.br\/novoportal\/wp-content\/uploads\/2015\/01\/Novo-extintor-de-inc\u00eandio-para-carros-150x150.jpg 150w, https:\/\/www.sudoestehoje.com.br\/novoportal\/wp-content\/uploads\/2015\/01\/Novo-extintor-de-inc\u00eandio-para-carros.jpg 640w\" sizes=\"auto, (max-width: 249px) 100vw, 249px\" \/><\/a><\/p>\n<p>O Departamento Nacional de Tr\u00e2nsito anunciou nesta segunda-feira (5) que adiar\u00e1 por 90 dias a exig\u00eancia do uso do extintor do tipo ABC para carros, que passou a valer no \u00faltimo dia 1\u00ba e cujo descumprimento resultaria em multa de R$ 127,69 e 5 pontos na carteira de habilita\u00e7\u00e3o.\u00a0O adiamento ser\u00e1 por 90 dias, segundo o \u00f3rg\u00e3o. O prazo conta a partir da publica\u00e7\u00e3o no Di\u00e1rio Oficial da Uni\u00e3o, mas, de acordo com a assessoria do DENATRAN, multas aplicadas a partir desta segunda n\u00e3o ser\u00e3o consideradas.\u00a0A medida foi tomada pelo Minist\u00e9rio das Cidades ap\u00f3s motoristas de diversas regi\u00f5es do pa\u00eds relatarem\u00a0dificuldade para encontrar o equipamento \u00e0 venda. Com informa\u00e7\u00f5es do <strong><a href=\"http:\/\/g1.globo.com\/carros\/noticia\/2015\/01\/denatran-adia-multa-para-novo-extintor.html\" target=\"_blank\">G1<\/a><\/strong>.<\/p>\n<p><img decoding=\"async\" class=\"aligncenter\" src=\"http:\/\/www.sudoestehoje.com.br\/novoportal\/wp-content\/uploads\/2014\/12\/Banner-Sudoeste-Hoje.png\" alt=\"Banner-Sudoeste-Hoje\" \/><\/p>\n","protected":false},"excerpt":{"rendered":"<p>O Departamento Nacional de Tr\u00e2nsito anunciou nesta segunda-feira (5) que adiar\u00e1 por 90 dias a exig\u00eancia do uso do extintor do tipo ABC para carros, que passou a valer no \u00faltimo dia 1\u00ba e cujo descumprimento resultaria em multa de R$ 127,69 e 5 pontos na carteira de habilita\u00e7\u00e3o.\u00a0O adiamento ser\u00e1 por 90 dias, segundo [&hellip;]<\/p>\n","protected":false},"author":2,"featured_media":0,"comment_status":"open","ping_status":"open","sticky":false,"template":"","format":"standard","meta":{"footnotes":"","_links_to":"","_links_to_target":""},"categories":[1],"tags":[],"class_list":["post-45878","post","type-post","status-publish","format-standard","hentry","category-geral"],"views":1597,"_links":{"self":[{"href":"https:\/\/www.sudoestehoje.com.br\/novoportal\/wp-json\/wp\/v2\/posts\/45878","targetHints":{"allow":["GET"]}}],"collection":[{"href":"https:\/\/www.sudoestehoje.com.br\/novoportal\/wp-json\/wp\/v2\/posts"}],"about":[{"href":"https:\/\/www.sudoestehoje.com.br\/novoportal\/wp-json\/wp\/v2\/types\/post"}],"author":[{"embeddable":true,"href":"https:\/\/www.sudoestehoje.com.br\/novoportal\/wp-json\/wp\/v2\/users\/2"}],"replies":[{"embeddable":true,"href":"https:\/\/www.sudoestehoje.com.br\/novoportal\/wp-json\/wp\/v2\/comments?post=45878"}],"version-history":[{"count":2,"href":"https:\/\/www.sudoestehoje.com.br\/novoportal\/wp-json\/wp\/v2\/posts\/45878\/revisions"}],"predecessor-version":[{"id":45895,"href":"https:\/\/www.sudoestehoje.com.br\/novoportal\/wp-json\/wp\/v2\/posts\/45878\/revisions\/45895"}],"wp:attachment":[{"href":"https:\/\/www.sudoestehoje.com.br\/novoportal\/wp-json\/wp\/v2\/media?parent=45878"}],"wp:term":[{"taxonomy":"category","embeddable":true,"href":"https:\/\/www.sudoestehoje.com.br\/novoportal\/wp-json\/wp\/v2\/categories?post=45878"},{"taxonomy":"post_tag","embeddable":true,"href":"https:\/\/www.sudoestehoje.com.br\/novoportal\/wp-json\/wp\/v2\/tags?post=45878"}],"curies":[{"name":"wp","href":"https:\/\/api.w.org\/{rel}","templated":true}]}}