
{"id":45867,"date":"2015-01-05T15:09:54","date_gmt":"2015-01-05T18:09:54","guid":{"rendered":"http:\/\/www.sudoestehoje.com.br\/novoportal\/?p=45867"},"modified":"2015-01-06T19:58:41","modified_gmt":"2015-01-06T22:58:41","slug":"baiano-e-cotado-para-ocupar-vaga-de-joaquim-barbosa-no-stf","status":"publish","type":"post","link":"https:\/\/www.sudoestehoje.com.br\/novoportal\/2015\/01\/05\/baiano-e-cotado-para-ocupar-vaga-de-joaquim-barbosa-no-stf\/","title":{"rendered":"BAIANO \u00c9 COTADO PARA OCUPAR VAGA DE JOAQUIM BARBOSA NO STF"},"content":{"rendered":"<div id=\"attachment_45868\" style=\"width: 509px\" class=\"wp-caption aligncenter\"><a href=\"http:\/\/www.sudoestehoje.com.br\/novoportal\/wp-content\/uploads\/2015\/01\/ARAS.jpg\"><img loading=\"lazy\" decoding=\"async\" aria-describedby=\"caption-attachment-45868\" class=\" wp-image-45868\" src=\"http:\/\/www.sudoestehoje.com.br\/novoportal\/wp-content\/uploads\/2015\/01\/ARAS.jpg\" alt=\"Augusto Aras \u00e9 Procurador da Rep\u00fablica e est\u00e1 na lista dos coados para ministro do Supremo.\" width=\"499\" height=\"368\" srcset=\"https:\/\/www.sudoestehoje.com.br\/novoportal\/wp-content\/uploads\/2015\/01\/ARAS.jpg 380w, https:\/\/www.sudoestehoje.com.br\/novoportal\/wp-content\/uploads\/2015\/01\/ARAS-150x110.jpg 150w\" sizes=\"auto, (max-width: 499px) 100vw, 499px\" \/><\/a><p id=\"caption-attachment-45868\" class=\"wp-caption-text\">Augusto Aras \u00e9 Procurador da Rep\u00fablica e est\u00e1 na lista dos cotados para assumir cadeira no Supremo Tribunal Federal.<\/p><\/div>\n<p>A presidente Dilma Rousseff deve anunciar nas pr\u00f3ximas semanas o nome do novo ministro do Supremo Tribunal Federal (STF), que ocupar\u00e1 a vaga aberta com a aposentadoria de Joaquim Barbosa. O ministro se aposentou em julho do ano passado, e, at\u00e9 ent\u00e3o, a presidente n\u00e3o indicou quem o ocupar\u00e1 o cargo.<\/p>\n<p>De acordo com a coluna Raio Laser, do Tribuna da Bahia, um dos poss\u00edveis nomes para ocupar uma cadeira na Suprema Corte, \u00e9 do baiano Augusto Aras, que atua como subprocurador da Rep\u00fablica. Natural de Feira de Santana, Aras recebeu apoio da Ordem dos Advogados do Brasil (OAB) e da Associa\u00e7\u00e3o Baiana de Imprensa (ABI).<\/p>\n<p>O indicado pela presidente ser\u00e1 sabatinado pela Comiss\u00e3o de Constitui\u00e7\u00e3o e Justi\u00e7a do Senado, e posteriormente, ter\u00e1 que ser aprovado pelo Plen\u00e1rio da casa. O \u00faltimo ministro baiano que passou pelo Supremo foi Aliomar Baleeiro, h\u00e1 quase 40 anos.<\/p>\n<p><img decoding=\"async\" class=\"aligncenter\" src=\"http:\/\/www.sudoestehoje.com.br\/novoportal\/wp-content\/uploads\/2014\/08\/%C3%93TICA-ITAPUAN-BANNER1.jpg\" alt=\"\u00d3TICA-ITAPUAN-BANNER1\" \/><\/p>\n","protected":false},"excerpt":{"rendered":"<p>A presidente Dilma Rousseff deve anunciar nas pr\u00f3ximas semanas o nome do novo ministro do Supremo Tribunal Federal (STF), que ocupar\u00e1 a vaga aberta com a aposentadoria de Joaquim Barbosa. O ministro se aposentou em julho do ano passado, e, at\u00e9 ent\u00e3o, a presidente n\u00e3o indicou quem o ocupar\u00e1 o cargo. De acordo com a [&hellip;]<\/p>\n","protected":false},"author":2,"featured_media":0,"comment_status":"open","ping_status":"open","sticky":false,"template":"","format":"standard","meta":{"footnotes":"","_links_to":"","_links_to_target":""},"categories":[1],"tags":[],"class_list":["post-45867","post","type-post","status-publish","format-standard","hentry","category-geral"],"views":1290,"_links":{"self":[{"href":"https:\/\/www.sudoestehoje.com.br\/novoportal\/wp-json\/wp\/v2\/posts\/45867","targetHints":{"allow":["GET"]}}],"collection":[{"href":"https:\/\/www.sudoestehoje.com.br\/novoportal\/wp-json\/wp\/v2\/posts"}],"about":[{"href":"https:\/\/www.sudoestehoje.com.br\/novoportal\/wp-json\/wp\/v2\/types\/post"}],"author":[{"embeddable":true,"href":"https:\/\/www.sudoestehoje.com.br\/novoportal\/wp-json\/wp\/v2\/users\/2"}],"replies":[{"embeddable":true,"href":"https:\/\/www.sudoestehoje.com.br\/novoportal\/wp-json\/wp\/v2\/comments?post=45867"}],"version-history":[{"count":5,"href":"https:\/\/www.sudoestehoje.com.br\/novoportal\/wp-json\/wp\/v2\/posts\/45867\/revisions"}],"predecessor-version":[{"id":45896,"href":"https:\/\/www.sudoestehoje.com.br\/novoportal\/wp-json\/wp\/v2\/posts\/45867\/revisions\/45896"}],"wp:attachment":[{"href":"https:\/\/www.sudoestehoje.com.br\/novoportal\/wp-json\/wp\/v2\/media?parent=45867"}],"wp:term":[{"taxonomy":"category","embeddable":true,"href":"https:\/\/www.sudoestehoje.com.br\/novoportal\/wp-json\/wp\/v2\/categories?post=45867"},{"taxonomy":"post_tag","embeddable":true,"href":"https:\/\/www.sudoestehoje.com.br\/novoportal\/wp-json\/wp\/v2\/tags?post=45867"}],"curies":[{"name":"wp","href":"https:\/\/api.w.org\/{rel}","templated":true}]}}