
{"id":45843,"date":"2015-01-04T14:32:07","date_gmt":"2015-01-04T17:32:07","guid":{"rendered":"http:\/\/www.sudoestehoje.com.br\/novoportal\/?p=45843"},"modified":"2015-01-04T14:36:28","modified_gmt":"2015-01-04T17:36:28","slug":"brumado-assaltantes-tentam-levar-cofre-da-cesta-do-povo-numa-carroca","status":"publish","type":"post","link":"https:\/\/www.sudoestehoje.com.br\/novoportal\/2015\/01\/04\/brumado-assaltantes-tentam-levar-cofre-da-cesta-do-povo-numa-carroca\/","title":{"rendered":"BRUMADO: ASSALTANTES TENTAM LEVAR COFRE DA CESTA DO POVO NUMA CARRO\u00c7A"},"content":{"rendered":"<div id=\"attachment_45844\" style=\"width: 510px\" class=\"wp-caption aligncenter\"><a href=\"http:\/\/www.sudoestehoje.com.br\/novoportal\/wp-content\/uploads\/2015\/01\/Cesta.jpg\"><img loading=\"lazy\" decoding=\"async\" aria-describedby=\"caption-attachment-45844\" class=\"size-medium wp-image-45844\" src=\"http:\/\/www.sudoestehoje.com.br\/novoportal\/wp-content\/uploads\/2015\/01\/Cesta-500x360.jpg\" alt=\"Bandidos tentaram 'privatizar' o cofre da Cesta do Povo em Brumado.\" width=\"500\" height=\"360\" srcset=\"https:\/\/www.sudoestehoje.com.br\/novoportal\/wp-content\/uploads\/2015\/01\/Cesta-500x360.jpg 500w, https:\/\/www.sudoestehoje.com.br\/novoportal\/wp-content\/uploads\/2015\/01\/Cesta-150x108.jpg 150w, https:\/\/www.sudoestehoje.com.br\/novoportal\/wp-content\/uploads\/2015\/01\/Cesta.jpg 540w\" sizes=\"auto, (max-width: 500px) 100vw, 500px\" \/><\/a><p id=\"caption-attachment-45844\" class=\"wp-caption-text\">Antecipando-se ao governo, bandidos resolveram &#8216;privatizar&#8217; o cofre da Cesta do Povo em Brumado. Quase deu certo&#8230;<\/p><\/div>\n<p>Inusitado acontecimento na vizinha cidade de Brumado a 136 Km de Vit\u00f3ria da Conquista. Tr\u00eas homens tentaram roubar o cofre da Cesta do Povo da cidade, mas foram contidos pela Pol\u00edcia Militar. Os ladr\u00f5es entraram na loja que fica localiza na Avenida Centen\u00e1rio, utilizando um p\u00e9 de cabra para arrombar uma porta de ferro. A tentativa de roubo aconteceu no in\u00edcio da madrugada deste s\u00e1bado (03).<\/p>\n<p>Segundo informa\u00e7\u00f5es obtidas pelo site Brumado Not\u00edcias, os arrombadores chegaram ao cofre come\u00e7aram a arrast\u00e1-lo at\u00e9 os fundos da loja, onde ele seria transportado em uma carro\u00e7a que estava estacionada nas imedia\u00e7\u00f5es da loja da Cesta do Povo. A PM informou que al\u00e9m do cofre os ladr\u00f5es iriam fazer uma feira e levar v\u00e1rios produtos aliment\u00edcios e de limpeza da loja. Os acusados de roubo foram conduzidos \u00e0 delegacia e est\u00e3o a disposi\u00e7\u00e3o da Justi\u00e7a. Resenha Geral<\/p>\n<p><img decoding=\"async\" class=\"aligncenter\" src=\"http:\/\/www.sudoestehoje.com.br\/novoportal\/wp-content\/uploads\/2014\/09\/supermoda.png\" alt=\"supermoda\" \/><\/p>\n","protected":false},"excerpt":{"rendered":"<p>Inusitado acontecimento na vizinha cidade de Brumado a 136 Km de Vit\u00f3ria da Conquista. Tr\u00eas homens tentaram roubar o cofre da Cesta do Povo da cidade, mas foram contidos pela Pol\u00edcia Militar. Os ladr\u00f5es entraram na loja que fica localiza na Avenida Centen\u00e1rio, utilizando um p\u00e9 de cabra para arrombar uma porta de ferro. A [&hellip;]<\/p>\n","protected":false},"author":2,"featured_media":0,"comment_status":"open","ping_status":"open","sticky":false,"template":"","format":"standard","meta":{"footnotes":"","_links_to":"","_links_to_target":""},"categories":[1],"tags":[],"class_list":["post-45843","post","type-post","status-publish","format-standard","hentry","category-geral"],"views":1228,"_links":{"self":[{"href":"https:\/\/www.sudoestehoje.com.br\/novoportal\/wp-json\/wp\/v2\/posts\/45843","targetHints":{"allow":["GET"]}}],"collection":[{"href":"https:\/\/www.sudoestehoje.com.br\/novoportal\/wp-json\/wp\/v2\/posts"}],"about":[{"href":"https:\/\/www.sudoestehoje.com.br\/novoportal\/wp-json\/wp\/v2\/types\/post"}],"author":[{"embeddable":true,"href":"https:\/\/www.sudoestehoje.com.br\/novoportal\/wp-json\/wp\/v2\/users\/2"}],"replies":[{"embeddable":true,"href":"https:\/\/www.sudoestehoje.com.br\/novoportal\/wp-json\/wp\/v2\/comments?post=45843"}],"version-history":[{"count":7,"href":"https:\/\/www.sudoestehoje.com.br\/novoportal\/wp-json\/wp\/v2\/posts\/45843\/revisions"}],"predecessor-version":[{"id":45851,"href":"https:\/\/www.sudoestehoje.com.br\/novoportal\/wp-json\/wp\/v2\/posts\/45843\/revisions\/45851"}],"wp:attachment":[{"href":"https:\/\/www.sudoestehoje.com.br\/novoportal\/wp-json\/wp\/v2\/media?parent=45843"}],"wp:term":[{"taxonomy":"category","embeddable":true,"href":"https:\/\/www.sudoestehoje.com.br\/novoportal\/wp-json\/wp\/v2\/categories?post=45843"},{"taxonomy":"post_tag","embeddable":true,"href":"https:\/\/www.sudoestehoje.com.br\/novoportal\/wp-json\/wp\/v2\/tags?post=45843"}],"curies":[{"name":"wp","href":"https:\/\/api.w.org\/{rel}","templated":true}]}}