
{"id":45838,"date":"2015-01-04T13:58:42","date_gmt":"2015-01-04T16:58:42","guid":{"rendered":"http:\/\/www.sudoestehoje.com.br\/novoportal\/?p=45838"},"modified":"2015-01-04T14:10:32","modified_gmt":"2015-01-04T17:10:32","slug":"lula-fez-tratamento-sigiloso-em-2014-contra-cancer-no-pancreas","status":"publish","type":"post","link":"https:\/\/www.sudoestehoje.com.br\/novoportal\/2015\/01\/04\/lula-fez-tratamento-sigiloso-em-2014-contra-cancer-no-pancreas\/","title":{"rendered":"LULA FEZ TRATAMENTO SIGILOSO EM 2014 CONTRA C\u00c2NCER NO P\u00c2NCREAS"},"content":{"rendered":"<p><a href=\"http:\/\/www.sudoestehoje.com.br\/novoportal\/wp-content\/uploads\/2015\/01\/LULA-DOENTE.jpg\"><img loading=\"lazy\" decoding=\"async\" class=\"aligncenter size-medium wp-image-45839\" src=\"http:\/\/www.sudoestehoje.com.br\/novoportal\/wp-content\/uploads\/2015\/01\/LULA-DOENTE-500x334.jpg\" alt=\"LULA DOENTE\" width=\"500\" height=\"334\" srcset=\"https:\/\/www.sudoestehoje.com.br\/novoportal\/wp-content\/uploads\/2015\/01\/LULA-DOENTE-500x334.jpg 500w, https:\/\/www.sudoestehoje.com.br\/novoportal\/wp-content\/uploads\/2015\/01\/LULA-DOENTE-700x467.jpg 700w, https:\/\/www.sudoestehoje.com.br\/novoportal\/wp-content\/uploads\/2015\/01\/LULA-DOENTE-150x100.jpg 150w, https:\/\/www.sudoestehoje.com.br\/novoportal\/wp-content\/uploads\/2015\/01\/LULA-DOENTE.jpg 886w\" sizes=\"auto, (max-width: 500px) 100vw, 500px\" \/><\/a><\/p>\n<p>O ex-presidente Luiz In\u00e1cio Lula da Silva teria combatido no \u00faltimo ano um novo c\u00e2ncer e conseguiu controla-lo, segundo informa\u00e7\u00f5es de fontes ligadas ao petista para o colunista do UOL, o jornalista Leandro Mazzini. Segundo Mazzini, Lula, que est\u00e1 curado de um c\u00e2ncer na laringe, foi acometido por outro c\u00e2ncer no p\u00e2ncreas, descoberto no in\u00edcio de 2014. A partir de ent\u00e3o, Lula passou a visitar esporadicamente o Hospital S\u00edrio Liban\u00eas, em S\u00e3o Paulo, sempre durante a madrugada, entrando de carro pela garagem privativa do corpo cl\u00ednico para evitar boatos, al\u00e9m de tomar um forte medicamento para evitar a quimioterapia.<\/p>\n<p>Ainda segundo informa\u00e7\u00f5es passadas para Mazzini, o ex-presidente n\u00e3o faz tratamento intensivo, devido a um medicamento sob o princ\u00edpio do Bevacizumab, uma vers\u00e3o mais recente e potente do Avastin, que ameniza o quadro cl\u00ednico e a dor, e evita a quimioterapia. O custo do medicamento, ainda n\u00e3o comercializado no Brasil, \u00e9 de cerca de R$ 30 mil por m\u00eas. O quadro de sa\u00fade de Lula teria impedido uma participa\u00e7\u00e3o mais intensa na campanha da presidente Dilma Rousseff, apesar de ter visitado a algumas capitais, sempre sob cuidados m\u00e9dicos. A assessoria do Instituto Lula negou veementemente a nova doen\u00e7a. J\u00e1 a assessoria do Hospital S\u00edrio Liban\u00eas n\u00e3o quis se pronunciar sobre o tema.<\/p>\n<p><img decoding=\"async\" class=\"aligncenter\" src=\"http:\/\/www.sudoestehoje.com.br\/novoportal\/wp-content\/uploads\/2014\/07\/Feira-do-Lar-1.png\" alt=\"Feira-do-Lar (1)\" \/><\/p>\n","protected":false},"excerpt":{"rendered":"<p>O ex-presidente Luiz In\u00e1cio Lula da Silva teria combatido no \u00faltimo ano um novo c\u00e2ncer e conseguiu controla-lo, segundo informa\u00e7\u00f5es de fontes ligadas ao petista para o colunista do UOL, o jornalista Leandro Mazzini. Segundo Mazzini, Lula, que est\u00e1 curado de um c\u00e2ncer na laringe, foi acometido por outro c\u00e2ncer no p\u00e2ncreas, descoberto no in\u00edcio [&hellip;]<\/p>\n","protected":false},"author":2,"featured_media":0,"comment_status":"open","ping_status":"open","sticky":false,"template":"","format":"standard","meta":{"footnotes":"","_links_to":"","_links_to_target":""},"categories":[1],"tags":[],"class_list":["post-45838","post","type-post","status-publish","format-standard","hentry","category-geral"],"views":2563,"_links":{"self":[{"href":"https:\/\/www.sudoestehoje.com.br\/novoportal\/wp-json\/wp\/v2\/posts\/45838","targetHints":{"allow":["GET"]}}],"collection":[{"href":"https:\/\/www.sudoestehoje.com.br\/novoportal\/wp-json\/wp\/v2\/posts"}],"about":[{"href":"https:\/\/www.sudoestehoje.com.br\/novoportal\/wp-json\/wp\/v2\/types\/post"}],"author":[{"embeddable":true,"href":"https:\/\/www.sudoestehoje.com.br\/novoportal\/wp-json\/wp\/v2\/users\/2"}],"replies":[{"embeddable":true,"href":"https:\/\/www.sudoestehoje.com.br\/novoportal\/wp-json\/wp\/v2\/comments?post=45838"}],"version-history":[{"count":3,"href":"https:\/\/www.sudoestehoje.com.br\/novoportal\/wp-json\/wp\/v2\/posts\/45838\/revisions"}],"predecessor-version":[{"id":45842,"href":"https:\/\/www.sudoestehoje.com.br\/novoportal\/wp-json\/wp\/v2\/posts\/45838\/revisions\/45842"}],"wp:attachment":[{"href":"https:\/\/www.sudoestehoje.com.br\/novoportal\/wp-json\/wp\/v2\/media?parent=45838"}],"wp:term":[{"taxonomy":"category","embeddable":true,"href":"https:\/\/www.sudoestehoje.com.br\/novoportal\/wp-json\/wp\/v2\/categories?post=45838"},{"taxonomy":"post_tag","embeddable":true,"href":"https:\/\/www.sudoestehoje.com.br\/novoportal\/wp-json\/wp\/v2\/tags?post=45838"}],"curies":[{"name":"wp","href":"https:\/\/api.w.org\/{rel}","templated":true}]}}