
{"id":45828,"date":"2015-01-04T12:55:14","date_gmt":"2015-01-04T15:55:14","guid":{"rendered":"http:\/\/www.sudoestehoje.com.br\/novoportal\/?p=45828"},"modified":"2015-01-04T13:34:29","modified_gmt":"2015-01-04T16:34:29","slug":"rui-costa-diz-que-quer-tirar-4-mil-pms-de-servicos-burocraticos","status":"publish","type":"post","link":"https:\/\/www.sudoestehoje.com.br\/novoportal\/2015\/01\/04\/rui-costa-diz-que-quer-tirar-4-mil-pms-de-servicos-burocraticos\/","title":{"rendered":"RUI COSTA DIZ QUE QUER TIRAR 4 MIL PMs DE SERVI\u00c7OS BUROCR\u00c1TICOS"},"content":{"rendered":"<div id=\"attachment_45830\" style=\"width: 490px\" class=\"wp-caption aligncenter\"><a href=\"http:\/\/www.sudoestehoje.com.br\/novoportal\/wp-content\/uploads\/2015\/01\/pm-e-povo-cedidos-amancio.jpg\"><img loading=\"lazy\" decoding=\"async\" aria-describedby=\"caption-attachment-45830\" class=\"size-full wp-image-45830\" src=\"http:\/\/www.sudoestehoje.com.br\/novoportal\/wp-content\/uploads\/2015\/01\/pm-e-povo-cedidos-amancio.jpg\" alt=\"Na Bahia, cerca de 1.200 PMs est\u00e3o cedidos a outros poderes, fora os que est\u00e3o \u00e0 disposi\u00e7\u00e3o de prefeituras. \" width=\"480\" height=\"360\" srcset=\"https:\/\/www.sudoestehoje.com.br\/novoportal\/wp-content\/uploads\/2015\/01\/pm-e-povo-cedidos-amancio.jpg 480w, https:\/\/www.sudoestehoje.com.br\/novoportal\/wp-content\/uploads\/2015\/01\/pm-e-povo-cedidos-amancio-150x112.jpg 150w\" sizes=\"auto, (max-width: 480px) 100vw, 480px\" \/><\/a><p id=\"caption-attachment-45830\" class=\"wp-caption-text\">Na Bahia, cerca de 1.200 PMs est\u00e3o cedidos a outros poderes, fora os que est\u00e3o \u00e0 disposi\u00e7\u00e3o de prefeituras ou em servi\u00e7os burocr\u00e1ticos no pr\u00f3prio Estado.<\/p><\/div>\n<p>O governador do estado, Rui Costa (PT), afirmou que vai convocar cerca de 4 mil policiais militares que est\u00e3o fora de suas fun\u00e7\u00f5es, em atividades burocr\u00e1ticas, para refor\u00e7ar o policiamento nas ruas. &#8220;Cedidos a outros poderes n\u00f3s temos 1.200 policias. Em parte burocr\u00e1tica temos cerca de 2 mil dentro do Estado, e quanto aos cedidos \u00e0s prefeituras j\u00e1 pedi o levantamento dos n\u00fameros. Ent\u00e3o, numa conta r\u00e1pida, estamos falando de quase 4 mil policiais que poderiam estar refor\u00e7ando o policiamento nas ruas e est\u00e3o fazendo trabalho administrativo, burocr\u00e1tico, ou, \u00e0s vezes, sendo porteiro de outros \u00f3rg\u00e3os p\u00fablicos e atuando como vigilantes. Esta n\u00e3o \u00e9 uma fun\u00e7\u00e3o de um policial militar e n\u00f3s vamos consertar isso&#8221;, disse em entrevista ao jornal A Tarde.<\/p>\n<p>&#8220;Trabalho de porteiro deve ser feito por porteiro. Trabalho de vigilante deve ser feito por vigilante. N\u00f3s queremos valorizar nossos profissionais para que possam atuar nas atividades fins, para as quais fizeram concurso p\u00fablico para serem policiais civis e militares. E vamos implementar algumas medidas de reorganiza\u00e7\u00e3o das duas pol\u00edcias, de moderniza\u00e7\u00e3o, e instalar, n\u00e3o s\u00f3 na Regi\u00e3o Metropolitana mas no Estado inteiro, c\u00e2maras com monitores para otimizar o trabalho da pol\u00edcia naquelas \u00e1reas onde h\u00e1 um potencial maior de crime&#8221;, completou Rui Costa.<\/p>\n<p><img decoding=\"async\" class=\"aligncenter\" src=\"http:\/\/www.sudoestehoje.com.br\/novoportal\/wp-content\/uploads\/2014\/08\/%C3%93TICA-ITAPUAN-BANNER1.jpg\" alt=\"\u00d3TICA-ITAPUAN-BANNER1\" \/><\/p>\n","protected":false},"excerpt":{"rendered":"<p>O governador do estado, Rui Costa (PT), afirmou que vai convocar cerca de 4 mil policiais militares que est\u00e3o fora de suas fun\u00e7\u00f5es, em atividades burocr\u00e1ticas, para refor\u00e7ar o policiamento nas ruas. &#8220;Cedidos a outros poderes n\u00f3s temos 1.200 policias. Em parte burocr\u00e1tica temos cerca de 2 mil dentro do Estado, e quanto aos cedidos [&hellip;]<\/p>\n","protected":false},"author":2,"featured_media":0,"comment_status":"open","ping_status":"open","sticky":false,"template":"","format":"standard","meta":{"footnotes":"","_links_to":"","_links_to_target":""},"categories":[1],"tags":[],"class_list":["post-45828","post","type-post","status-publish","format-standard","hentry","category-geral"],"views":1327,"_links":{"self":[{"href":"https:\/\/www.sudoestehoje.com.br\/novoportal\/wp-json\/wp\/v2\/posts\/45828","targetHints":{"allow":["GET"]}}],"collection":[{"href":"https:\/\/www.sudoestehoje.com.br\/novoportal\/wp-json\/wp\/v2\/posts"}],"about":[{"href":"https:\/\/www.sudoestehoje.com.br\/novoportal\/wp-json\/wp\/v2\/types\/post"}],"author":[{"embeddable":true,"href":"https:\/\/www.sudoestehoje.com.br\/novoportal\/wp-json\/wp\/v2\/users\/2"}],"replies":[{"embeddable":true,"href":"https:\/\/www.sudoestehoje.com.br\/novoportal\/wp-json\/wp\/v2\/comments?post=45828"}],"version-history":[{"count":7,"href":"https:\/\/www.sudoestehoje.com.br\/novoportal\/wp-json\/wp\/v2\/posts\/45828\/revisions"}],"predecessor-version":[{"id":45837,"href":"https:\/\/www.sudoestehoje.com.br\/novoportal\/wp-json\/wp\/v2\/posts\/45828\/revisions\/45837"}],"wp:attachment":[{"href":"https:\/\/www.sudoestehoje.com.br\/novoportal\/wp-json\/wp\/v2\/media?parent=45828"}],"wp:term":[{"taxonomy":"category","embeddable":true,"href":"https:\/\/www.sudoestehoje.com.br\/novoportal\/wp-json\/wp\/v2\/categories?post=45828"},{"taxonomy":"post_tag","embeddable":true,"href":"https:\/\/www.sudoestehoje.com.br\/novoportal\/wp-json\/wp\/v2\/tags?post=45828"}],"curies":[{"name":"wp","href":"https:\/\/api.w.org\/{rel}","templated":true}]}}