
{"id":45808,"date":"2015-01-03T14:35:12","date_gmt":"2015-01-03T17:35:12","guid":{"rendered":"http:\/\/www.sudoestehoje.com.br\/novoportal\/?p=45808"},"modified":"2015-01-03T18:02:49","modified_gmt":"2015-01-03T21:02:49","slug":"coronel-anselmo-alves-brandao-e-o-novo-comandante-da-pm-na-bahia","status":"publish","type":"post","link":"https:\/\/www.sudoestehoje.com.br\/novoportal\/2015\/01\/03\/coronel-anselmo-alves-brandao-e-o-novo-comandante-da-pm-na-bahia\/","title":{"rendered":"CORONEL ANSELMO ALVES BRAND\u00c3O \u00c9 O NOVO COMANDANTE DA PM NA BAHIA"},"content":{"rendered":"<p><a href=\"http:\/\/www.sudoestehoje.com.br\/novoportal\/wp-content\/uploads\/2015\/01\/CEL.jpg\"><img loading=\"lazy\" decoding=\"async\" class=\"aligncenter size-full wp-image-45811\" src=\"http:\/\/www.sudoestehoje.com.br\/novoportal\/wp-content\/uploads\/2015\/01\/CEL.jpg\" alt=\"CEL\" width=\"500\" height=\"306\" srcset=\"https:\/\/www.sudoestehoje.com.br\/novoportal\/wp-content\/uploads\/2015\/01\/CEL.jpg 500w, https:\/\/www.sudoestehoje.com.br\/novoportal\/wp-content\/uploads\/2015\/01\/CEL-150x91.jpg 150w\" sizes=\"auto, (max-width: 500px) 100vw, 500px\" \/><\/a><\/p>\n<p>O governador da Bahia, Rui Costa, definiu nesta sexta-feira (2), que o coronel Anselmo Alves Brand\u00e3o, de 52 anos, ser\u00e1 o novo comandante geral da Pol\u00edcia Militar da Bahia (PM-BA). Ap\u00f3s receber a not\u00edcia, Anselmo disse que est\u00e1 entusiasmado com a miss\u00e3o: &#8220;Acredito na pol\u00edcia cidad\u00e3 e vamos contar com cada policial militar para garantir a seguran\u00e7a da popula\u00e7\u00e3o da Bahia&#8221;.<\/p>\n<p>Segundo a assessoria do Governo, a transmiss\u00e3o de cargo do atual comandante, coronel Alfredo Castro, para o coronel Anselmo deve acontecer at\u00e9 a pr\u00f3xima sexta-feira (9).<\/p>\n<p><img decoding=\"async\" class=\"aligncenter\" src=\"http:\/\/www.sudoestehoje.com.br\/novoportal\/wp-content\/uploads\/2014\/07\/Feira-do-Lar-1.png\" alt=\"Feira-do-Lar (1)\" \/><\/p>\n","protected":false},"excerpt":{"rendered":"<p>O governador da Bahia, Rui Costa, definiu nesta sexta-feira (2), que o coronel Anselmo Alves Brand\u00e3o, de 52 anos, ser\u00e1 o novo comandante geral da Pol\u00edcia Militar da Bahia (PM-BA). Ap\u00f3s receber a not\u00edcia, Anselmo disse que est\u00e1 entusiasmado com a miss\u00e3o: &#8220;Acredito na pol\u00edcia cidad\u00e3 e vamos contar com cada policial militar para garantir [&hellip;]<\/p>\n","protected":false},"author":2,"featured_media":0,"comment_status":"open","ping_status":"open","sticky":false,"template":"","format":"standard","meta":{"footnotes":"","_links_to":"","_links_to_target":""},"categories":[1],"tags":[],"class_list":["post-45808","post","type-post","status-publish","format-standard","hentry","category-geral"],"views":1578,"_links":{"self":[{"href":"https:\/\/www.sudoestehoje.com.br\/novoportal\/wp-json\/wp\/v2\/posts\/45808","targetHints":{"allow":["GET"]}}],"collection":[{"href":"https:\/\/www.sudoestehoje.com.br\/novoportal\/wp-json\/wp\/v2\/posts"}],"about":[{"href":"https:\/\/www.sudoestehoje.com.br\/novoportal\/wp-json\/wp\/v2\/types\/post"}],"author":[{"embeddable":true,"href":"https:\/\/www.sudoestehoje.com.br\/novoportal\/wp-json\/wp\/v2\/users\/2"}],"replies":[{"embeddable":true,"href":"https:\/\/www.sudoestehoje.com.br\/novoportal\/wp-json\/wp\/v2\/comments?post=45808"}],"version-history":[{"count":5,"href":"https:\/\/www.sudoestehoje.com.br\/novoportal\/wp-json\/wp\/v2\/posts\/45808\/revisions"}],"predecessor-version":[{"id":45815,"href":"https:\/\/www.sudoestehoje.com.br\/novoportal\/wp-json\/wp\/v2\/posts\/45808\/revisions\/45815"}],"wp:attachment":[{"href":"https:\/\/www.sudoestehoje.com.br\/novoportal\/wp-json\/wp\/v2\/media?parent=45808"}],"wp:term":[{"taxonomy":"category","embeddable":true,"href":"https:\/\/www.sudoestehoje.com.br\/novoportal\/wp-json\/wp\/v2\/categories?post=45808"},{"taxonomy":"post_tag","embeddable":true,"href":"https:\/\/www.sudoestehoje.com.br\/novoportal\/wp-json\/wp\/v2\/tags?post=45808"}],"curies":[{"name":"wp","href":"https:\/\/api.w.org\/{rel}","templated":true}]}}