
{"id":45805,"date":"2015-01-03T13:41:44","date_gmt":"2015-01-03T16:41:44","guid":{"rendered":"http:\/\/www.sudoestehoje.com.br\/novoportal\/?p=45805"},"modified":"2015-01-03T18:04:40","modified_gmt":"2015-01-03T21:04:40","slug":"ano-de-2015-tem-nove-feriadoes","status":"publish","type":"post","link":"https:\/\/www.sudoestehoje.com.br\/novoportal\/2015\/01\/03\/ano-de-2015-tem-nove-feriadoes\/","title":{"rendered":"ANO DE 2015 TEM NOVE FERIAD\u00d5ES"},"content":{"rendered":"<p><a href=\"http:\/\/www.sudoestehoje.com.br\/novoportal\/wp-content\/uploads\/2015\/01\/FERIAD\u00d5ES.jpg\"><img loading=\"lazy\" decoding=\"async\" class=\"aligncenter size-full wp-image-45806\" src=\"http:\/\/www.sudoestehoje.com.br\/novoportal\/wp-content\/uploads\/2015\/01\/FERIAD\u00d5ES.jpg\" alt=\"FERIAD\u00d5ES\" width=\"500\" height=\"306\" srcset=\"https:\/\/www.sudoestehoje.com.br\/novoportal\/wp-content\/uploads\/2015\/01\/FERIAD\u00d5ES.jpg 500w, https:\/\/www.sudoestehoje.com.br\/novoportal\/wp-content\/uploads\/2015\/01\/FERIAD\u00d5ES-150x91.jpg 150w\" sizes=\"auto, (max-width: 500px) 100vw, 500px\" \/><\/a><\/p>\n<p>O ano de 2015 ser\u00e1, pelo menos, bom para o trabalhador em rela\u00e7\u00e3o ao anterior. Em 2014 teve seis feriados em dias \u00fateis. J\u00e1 neste ano, o trabalhador poder\u00e1 desfrutar de nove feriados durante a semana &#8212; j\u00e1 descontando o dia 1\u00ba de janeiro, que foi o dia da Confraterniza\u00e7\u00e3o Universal. Apesar de apenas seis feriados na semana, 2014 foi ano de Copa do Mundo, por isso, alguns tiveram o benef\u00edcio da folga durante os jogos do Brasil na competi\u00e7\u00e3o.<\/p>\n<p>Confira a lista de feriados oficiais que caem em dias \u00fateis em 2015. O calend\u00e1rio n\u00e3o leva em considera\u00e7\u00e3o os feriados estaduais e municipais. CONFIRA OS FERIAD\u00d5ES DO ANO:<\/p>\n<p><img decoding=\"async\" class=\"aligncenter\" src=\"http:\/\/www.sudoestehoje.com.br\/novoportal\/wp-content\/uploads\/2014\/11\/Logomarca-HB-Sementes-500x134.jpg\" alt=\"Logomarca HB Sementes\" \/><!--more--><br \/>\nFevereiro<br \/>\n17 de fevereiro &#8211; Carnaval e ponto facultativo<\/p>\n<p>Abril<br \/>\n3 de abril &#8211; Sexta-feira da Paix\u00e3o de Cristo<br \/>\n21 de abril &#8211; Ter\u00e7a-feira, dia de Tiradentes<\/p>\n<p>Maio<br \/>\n1\u00ba de Maio &#8211; Sexta-feira, dia do trabalho<\/p>\n<p>Junho<br \/>\n4 de junho &#8211; Quinta-feira, dia de Corpus Christi<\/p>\n<p>Setembro<br \/>\n7 de setembro &#8211; Segunda-feira, dia da Independ\u00eancia do Brasil<\/p>\n<p>Outubro<br \/>\n12 de outubro &#8211; Segunda-feira, dia de Nossa Senhora Aparecida<\/p>\n<p>Novembro<br \/>\n02 de novembro &#8211; Segunda-feira, dia de Finados<\/p>\n<p>Dezembro<br \/>\n25 de dezembro &#8211; Sexta-feira, Natal<\/p>\n","protected":false},"excerpt":{"rendered":"<p>O ano de 2015 ser\u00e1, pelo menos, bom para o trabalhador em rela\u00e7\u00e3o ao anterior. Em 2014 teve seis feriados em dias \u00fateis. J\u00e1 neste ano, o trabalhador poder\u00e1 desfrutar de nove feriados durante a semana &#8212; j\u00e1 descontando o dia 1\u00ba de janeiro, que foi o dia da Confraterniza\u00e7\u00e3o Universal. Apesar de apenas seis [&hellip;]<\/p>\n","protected":false},"author":2,"featured_media":0,"comment_status":"open","ping_status":"open","sticky":false,"template":"","format":"standard","meta":{"footnotes":"","_links_to":"","_links_to_target":""},"categories":[1],"tags":[],"class_list":["post-45805","post","type-post","status-publish","format-standard","hentry","category-geral"],"views":1221,"_links":{"self":[{"href":"https:\/\/www.sudoestehoje.com.br\/novoportal\/wp-json\/wp\/v2\/posts\/45805","targetHints":{"allow":["GET"]}}],"collection":[{"href":"https:\/\/www.sudoestehoje.com.br\/novoportal\/wp-json\/wp\/v2\/posts"}],"about":[{"href":"https:\/\/www.sudoestehoje.com.br\/novoportal\/wp-json\/wp\/v2\/types\/post"}],"author":[{"embeddable":true,"href":"https:\/\/www.sudoestehoje.com.br\/novoportal\/wp-json\/wp\/v2\/users\/2"}],"replies":[{"embeddable":true,"href":"https:\/\/www.sudoestehoje.com.br\/novoportal\/wp-json\/wp\/v2\/comments?post=45805"}],"version-history":[{"count":3,"href":"https:\/\/www.sudoestehoje.com.br\/novoportal\/wp-json\/wp\/v2\/posts\/45805\/revisions"}],"predecessor-version":[{"id":45817,"href":"https:\/\/www.sudoestehoje.com.br\/novoportal\/wp-json\/wp\/v2\/posts\/45805\/revisions\/45817"}],"wp:attachment":[{"href":"https:\/\/www.sudoestehoje.com.br\/novoportal\/wp-json\/wp\/v2\/media?parent=45805"}],"wp:term":[{"taxonomy":"category","embeddable":true,"href":"https:\/\/www.sudoestehoje.com.br\/novoportal\/wp-json\/wp\/v2\/categories?post=45805"},{"taxonomy":"post_tag","embeddable":true,"href":"https:\/\/www.sudoestehoje.com.br\/novoportal\/wp-json\/wp\/v2\/tags?post=45805"}],"curies":[{"name":"wp","href":"https:\/\/api.w.org\/{rel}","templated":true}]}}