
{"id":45796,"date":"2015-01-03T01:15:05","date_gmt":"2015-01-03T04:15:05","guid":{"rendered":"http:\/\/www.sudoestehoje.com.br\/novoportal\/?p=45796"},"modified":"2015-01-03T01:24:05","modified_gmt":"2015-01-03T04:24:05","slug":"itororo-sessao-solene-empossa-mesa-diretora-da-camara-municipal","status":"publish","type":"post","link":"https:\/\/www.sudoestehoje.com.br\/novoportal\/2015\/01\/03\/itororo-sessao-solene-empossa-mesa-diretora-da-camara-municipal\/","title":{"rendered":"ITOROR\u00d3: SESS\u00c3O SOLENE EMPOSSA MESA DIRETORA DA C\u00c2MARA MUNICIPAL"},"content":{"rendered":"<p><a href=\"http:\/\/www.sudoestehoje.com.br\/novoportal\/wp-content\/uploads\/2015\/01\/CAMARA-2015-1.jpg\"><img loading=\"lazy\" decoding=\"async\" class=\"aligncenter size-medium wp-image-45797\" src=\"http:\/\/www.sudoestehoje.com.br\/novoportal\/wp-content\/uploads\/2015\/01\/CAMARA-2015-1-500x374.jpg\" alt=\"CAMARA-2015-1\" width=\"500\" height=\"374\" srcset=\"https:\/\/www.sudoestehoje.com.br\/novoportal\/wp-content\/uploads\/2015\/01\/CAMARA-2015-1-500x374.jpg 500w, https:\/\/www.sudoestehoje.com.br\/novoportal\/wp-content\/uploads\/2015\/01\/CAMARA-2015-1-150x112.jpg 150w, https:\/\/www.sudoestehoje.com.br\/novoportal\/wp-content\/uploads\/2015\/01\/CAMARA-2015-1.jpg 691w\" sizes=\"auto, (max-width: 500px) 100vw, 500px\" \/><\/a><\/p>\n<p>Tomou posse nesta sexta (02), em sess\u00e3o solene realizada na C\u00e2mara Municipal de Itoror\u00f3, a nova mesa diretora da casa legislativa, para o bi\u00eanio 2015\/2016, composta pelos vereadores Genivaldo da Silva Carneiro (Biduinha), presidente, Jo\u00e3o Brito Amorim, vice-presidente, Jo\u00e3o Daeison de Oliveira, 1\u00ba secret\u00e1rio, e Cosme Jos\u00e9 dos Santos, 2\u00ba secret\u00e1rio. A solenidade de posse contou com a presen\u00e7a de autoridades municipais e comunidade e foi presidida pelo\u00a0vereador Ant\u00f4nio Nunes.<\/p>\n<p><a href=\"http:\/\/www.sudoestehoje.com.br\/novoportal\/wp-content\/uploads\/2015\/01\/CAMARA-2015-2.jpg\"><img loading=\"lazy\" decoding=\"async\" class=\"aligncenter size-medium wp-image-45798\" src=\"http:\/\/www.sudoestehoje.com.br\/novoportal\/wp-content\/uploads\/2015\/01\/CAMARA-2015-2-500x374.jpg\" alt=\"CAMARA-2015-2\" width=\"500\" height=\"374\" srcset=\"https:\/\/www.sudoestehoje.com.br\/novoportal\/wp-content\/uploads\/2015\/01\/CAMARA-2015-2-500x374.jpg 500w, https:\/\/www.sudoestehoje.com.br\/novoportal\/wp-content\/uploads\/2015\/01\/CAMARA-2015-2-150x112.jpg 150w, https:\/\/www.sudoestehoje.com.br\/novoportal\/wp-content\/uploads\/2015\/01\/CAMARA-2015-2.jpg 691w\" sizes=\"auto, (max-width: 500px) 100vw, 500px\" \/><\/a><\/p>\n<p>No seu discurso o presidente empossado agradeceu a Deus e fez um agradecimento especial ao prefeito Marco Brito, afirmando que continuar\u00e1 caminhando junto com o executivo, para que Itoror\u00f3 seja uma cidade cada vez melhor para os seus mun\u00edcipes. Agradeceu tamb\u00e9m aos vereadores pelo companheirismo e dedica\u00e7\u00e3o ao trabalho, pois todos tem o objetivo, que \u00e9 melhorar a vida da popula\u00e7\u00e3o, com a presta\u00e7\u00e3o dos servi\u00e7os p\u00fablicos de qualidade.<\/p>\n<p><img decoding=\"async\" class=\"aligncenter\" src=\"http:\/\/www.sudoestehoje.com.br\/novoportal\/wp-content\/uploads\/2014\/09\/supermoda.png\" alt=\"supermoda\" \/><\/p>\n","protected":false},"excerpt":{"rendered":"<p>Tomou posse nesta sexta (02), em sess\u00e3o solene realizada na C\u00e2mara Municipal de Itoror\u00f3, a nova mesa diretora da casa legislativa, para o bi\u00eanio 2015\/2016, composta pelos vereadores Genivaldo da Silva Carneiro (Biduinha), presidente, Jo\u00e3o Brito Amorim, vice-presidente, Jo\u00e3o Daeison de Oliveira, 1\u00ba secret\u00e1rio, e Cosme Jos\u00e9 dos Santos, 2\u00ba secret\u00e1rio. A solenidade de posse [&hellip;]<\/p>\n","protected":false},"author":2,"featured_media":45798,"comment_status":"open","ping_status":"open","sticky":false,"template":"","format":"standard","meta":{"footnotes":"","_links_to":"","_links_to_target":""},"categories":[1],"tags":[],"class_list":["post-45796","post","type-post","status-publish","format-standard","has-post-thumbnail","hentry","category-geral"],"views":1293,"_links":{"self":[{"href":"https:\/\/www.sudoestehoje.com.br\/novoportal\/wp-json\/wp\/v2\/posts\/45796","targetHints":{"allow":["GET"]}}],"collection":[{"href":"https:\/\/www.sudoestehoje.com.br\/novoportal\/wp-json\/wp\/v2\/posts"}],"about":[{"href":"https:\/\/www.sudoestehoje.com.br\/novoportal\/wp-json\/wp\/v2\/types\/post"}],"author":[{"embeddable":true,"href":"https:\/\/www.sudoestehoje.com.br\/novoportal\/wp-json\/wp\/v2\/users\/2"}],"replies":[{"embeddable":true,"href":"https:\/\/www.sudoestehoje.com.br\/novoportal\/wp-json\/wp\/v2\/comments?post=45796"}],"version-history":[{"count":2,"href":"https:\/\/www.sudoestehoje.com.br\/novoportal\/wp-json\/wp\/v2\/posts\/45796\/revisions"}],"predecessor-version":[{"id":45800,"href":"https:\/\/www.sudoestehoje.com.br\/novoportal\/wp-json\/wp\/v2\/posts\/45796\/revisions\/45800"}],"wp:featuredmedia":[{"embeddable":true,"href":"https:\/\/www.sudoestehoje.com.br\/novoportal\/wp-json\/wp\/v2\/media\/45798"}],"wp:attachment":[{"href":"https:\/\/www.sudoestehoje.com.br\/novoportal\/wp-json\/wp\/v2\/media?parent=45796"}],"wp:term":[{"taxonomy":"category","embeddable":true,"href":"https:\/\/www.sudoestehoje.com.br\/novoportal\/wp-json\/wp\/v2\/categories?post=45796"},{"taxonomy":"post_tag","embeddable":true,"href":"https:\/\/www.sudoestehoje.com.br\/novoportal\/wp-json\/wp\/v2\/tags?post=45796"}],"curies":[{"name":"wp","href":"https:\/\/api.w.org\/{rel}","templated":true}]}}