
{"id":4579,"date":"2011-04-25T10:43:28","date_gmt":"2011-04-25T13:43:28","guid":{"rendered":"http:\/\/www.sudoestehoje.com.br\/novoportal\/?p=4579"},"modified":"2011-04-25T10:44:42","modified_gmt":"2011-04-25T13:44:42","slug":"presidente-nacional-do-pt-em-tratamento-psiquiatrico","status":"publish","type":"post","link":"https:\/\/www.sudoestehoje.com.br\/novoportal\/2011\/04\/25\/presidente-nacional-do-pt-em-tratamento-psiquiatrico\/","title":{"rendered":"PRESIDENTE NACIONAL DO PT EM TRATAMENTO PSIQUI\u00c1TRICO"},"content":{"rendered":"<p><strong><em>\u00a0<\/em><\/strong><\/p>\n<p style=\"text-align: center;\"><strong><em><img decoding=\"async\" class=\"aligncenter\" src=\"http:\/\/www.politicahoje.com.br\/admin\/obj_file\/artigo_cad\/20302_des_imagem_dutra2.jpg\" alt=\"\" \/><\/em><\/strong><\/p>\n<p style=\"text-align: center;\"><em><strong>Jos\u00e9 Eduardo Dutra est\u00e1 de licen\u00e7a m\u00e9dica desde mar\u00e7o<\/strong><\/em><\/p>\n<p><strong><em>\u00a0<\/em><\/strong><\/p>\n<p><strong><em>Blog do Josias<\/em><\/strong><\/p>\n<p>Expira nesta segunda-feira a licen\u00e7a m\u00e9dica de Jos\u00e9 Eduardo Dutra, o presidente do PT. A dire\u00e7\u00e3o da legenda espera receber dele uma posi\u00e7\u00e3o quanto ao futuro. Deseja-se saber se vai ou n\u00e3o reassumir o posto. Dutra est\u00e1 fora de combate desde mar\u00e7o. Em tese, teria de retornar nesta ter\u00e7a.<\/p>\n<p>O quadro cl\u00ednico dele n\u00e3o \u00e9, por\u00e9m, t\u00e3o simples quanto foi informado. Difundiu-se a vers\u00e3o de que o ex-coordenador da campanha de Dilma Rousseff fora alcan\u00e7ado por uma crise hipertensiva decorrente de stress. Um integrante da c\u00fapula do PT informou ao rep\u00f3rter que, em verdade, Dutra submete-se a um tratamento psiqui\u00e1trico.<\/p>\n<p>Na origem do problema, Dutra surpreendeu os amigos com um sumi\u00e7o de quatro dias. Descobriu-se que ele isolara-se em seu apartamento. Encontraram-no abatido. N\u00e3o se alimentava adequadamente. Mostrava-se avesso ao conv\u00edvio social. Desligara o telefone. Desplugara-se da internet. Iniciado o tratamento, Dutra passou a exibir \u00e2nimo oscilante. O receio dos petistas que lhe s\u00e3o mais pr\u00f3ximos \u00e9 o de que, reassumindo, ele tenha reca\u00eddas. (Blog do Josias)<\/p>\n","protected":false},"excerpt":{"rendered":"<p>\u00a0 Jos\u00e9 Eduardo Dutra est\u00e1 de licen\u00e7a m\u00e9dica desde mar\u00e7o \u00a0 Blog do Josias Expira nesta segunda-feira a licen\u00e7a m\u00e9dica de Jos\u00e9 Eduardo Dutra, o presidente do PT. A dire\u00e7\u00e3o da legenda espera receber dele uma posi\u00e7\u00e3o quanto ao futuro. Deseja-se saber se vai ou n\u00e3o reassumir o posto. Dutra est\u00e1 fora de combate desde [&hellip;]<\/p>\n","protected":false},"author":2,"featured_media":0,"comment_status":"open","ping_status":"open","sticky":false,"template":"","format":"standard","meta":{"footnotes":"","_links_to":"","_links_to_target":""},"categories":[1],"tags":[],"class_list":["post-4579","post","type-post","status-publish","format-standard","hentry","category-geral"],"views":1208,"_links":{"self":[{"href":"https:\/\/www.sudoestehoje.com.br\/novoportal\/wp-json\/wp\/v2\/posts\/4579","targetHints":{"allow":["GET"]}}],"collection":[{"href":"https:\/\/www.sudoestehoje.com.br\/novoportal\/wp-json\/wp\/v2\/posts"}],"about":[{"href":"https:\/\/www.sudoestehoje.com.br\/novoportal\/wp-json\/wp\/v2\/types\/post"}],"author":[{"embeddable":true,"href":"https:\/\/www.sudoestehoje.com.br\/novoportal\/wp-json\/wp\/v2\/users\/2"}],"replies":[{"embeddable":true,"href":"https:\/\/www.sudoestehoje.com.br\/novoportal\/wp-json\/wp\/v2\/comments?post=4579"}],"version-history":[{"count":4,"href":"https:\/\/www.sudoestehoje.com.br\/novoportal\/wp-json\/wp\/v2\/posts\/4579\/revisions"}],"predecessor-version":[{"id":4583,"href":"https:\/\/www.sudoestehoje.com.br\/novoportal\/wp-json\/wp\/v2\/posts\/4579\/revisions\/4583"}],"wp:attachment":[{"href":"https:\/\/www.sudoestehoje.com.br\/novoportal\/wp-json\/wp\/v2\/media?parent=4579"}],"wp:term":[{"taxonomy":"category","embeddable":true,"href":"https:\/\/www.sudoestehoje.com.br\/novoportal\/wp-json\/wp\/v2\/categories?post=4579"},{"taxonomy":"post_tag","embeddable":true,"href":"https:\/\/www.sudoestehoje.com.br\/novoportal\/wp-json\/wp\/v2\/tags?post=4579"}],"curies":[{"name":"wp","href":"https:\/\/api.w.org\/{rel}","templated":true}]}}