
{"id":45789,"date":"2015-01-11T00:44:17","date_gmt":"2015-01-11T03:44:17","guid":{"rendered":"http:\/\/www.sudoestehoje.com.br\/novoportal\/?p=45789"},"modified":"2015-01-12T19:04:38","modified_gmt":"2015-01-12T22:04:38","slug":"itarantim-dudu-dos-tutas-assume-presidencia-da-camara-de-vereadores","status":"publish","type":"post","link":"https:\/\/www.sudoestehoje.com.br\/novoportal\/2015\/01\/11\/itarantim-dudu-dos-tutas-assume-presidencia-da-camara-de-vereadores\/","title":{"rendered":"ITARANTIM: DUDU DOS TUTAS ASSUME PRESID\u00caNCIA DA C\u00c2MARA DE VEREADORES"},"content":{"rendered":"<p><img loading=\"lazy\" decoding=\"async\" class=\"aligncenter\" src=\"http:\/\/4.bp.blogspot.com\/-wpTv0RJ2HPM\/VKasbJAd7AI\/AAAAAAAAQL8\/wVzoP1melwk\/s1600\/P1010380.JPG\" alt=\"\" width=\"500\" height=\"375\" \/><\/p>\n<p><strong><em>Por Davi Ferraz<\/em><\/strong><\/p>\n<p>Depois de muita controv\u00e9rsia em raz\u00e3o de um grave equ\u00edvoco ocorrido na elei\u00e7\u00e3o da mesa diretora da c\u00e2mara de vereadores de Itarantim, quando, ap\u00f3s um empate na vota\u00e7\u00e3o, foi dada a vit\u00f3ria para o vereador mais velho, a antiga mesa diretora voltou atr\u00e1s e realizou novo pleito, elegendo o atuante e experiente vereador Dudu dos Tutas, que assume o comando do legislativo Itarantiense, para o bi\u00eanio 2015-2016.<\/p>\n<p><img loading=\"lazy\" decoding=\"async\" class=\"aligncenter\" src=\"http:\/\/1.bp.blogspot.com\/-JsWVEM1sJeA\/VKasCp4SHNI\/AAAAAAAAQL0\/Bcx8ftDeIwY\/s1600\/P1010488.JPG\" alt=\"\" width=\"500\" height=\"375\" \/><\/p>\n<p>A nova mesa diretora foi empossada na noite desta quinta-feira (01), em sess\u00e3o solene que legitimou a chapa composta pelo presidente, vereador Luciano de Abreu J\u00fanior \u00a0&#8216;Dudu dos Tutas (PSD); vice-presidente, Gean Chaves (PSB); 1\u00ba secret\u00e1rio, Marcos Brito (PSB); 2\u00ba secret\u00e1rio, Dr Hilton.<\/p>\n<p><img loading=\"lazy\" decoding=\"async\" class=\"aligncenter\" src=\"http:\/\/2.bp.blogspot.com\/-wYHYntkVSYI\/VKatS0G3AvI\/AAAAAAAAQMM\/rKG9oeqEPCU\/s1600\/P1010476.JPG\" alt=\"\" width=\"500\" height=\"375\" \/><\/p>\n<p>A solenidade contou a presen\u00e7a do prefeito e aliado, Dr Paulo Fernandes (PSB), que ressaltou a import\u00e2ncia da parceria entre os poderes executivo e legislativo. <em>\u201cA Casa Legislativa tem uma import\u00e2ncia fundamental para os projetos do Executivo e os vereadores precisam estar comprometidos. Os poderes v\u00e3o estar de bra\u00e7os dados para dar melhor condi\u00e7\u00e3o para o povo de Itarantim\u201d<\/em>, disse Dr Paulo.\u00a0Informa\u00e7\u00f5es do Itarantim Agora<\/p>\n<p><img decoding=\"async\" class=\"aligncenter\" src=\"http:\/\/www.sudoestehoje.com.br\/novoportal\/wp-content\/uploads\/2014\/12\/skala-novo.jpg\" alt=\"skala novo\" \/><\/p>\n","protected":false},"excerpt":{"rendered":"<p>Por Davi Ferraz Depois de muita controv\u00e9rsia em raz\u00e3o de um grave equ\u00edvoco ocorrido na elei\u00e7\u00e3o da mesa diretora da c\u00e2mara de vereadores de Itarantim, quando, ap\u00f3s um empate na vota\u00e7\u00e3o, foi dada a vit\u00f3ria para o vereador mais velho, a antiga mesa diretora voltou atr\u00e1s e realizou novo pleito, elegendo o atuante e experiente [&hellip;]<\/p>\n","protected":false},"author":2,"featured_media":0,"comment_status":"open","ping_status":"open","sticky":false,"template":"","format":"standard","meta":{"footnotes":"","_links_to":"","_links_to_target":""},"categories":[1],"tags":[],"class_list":["post-45789","post","type-post","status-publish","format-standard","hentry","category-geral"],"views":1343,"_links":{"self":[{"href":"https:\/\/www.sudoestehoje.com.br\/novoportal\/wp-json\/wp\/v2\/posts\/45789","targetHints":{"allow":["GET"]}}],"collection":[{"href":"https:\/\/www.sudoestehoje.com.br\/novoportal\/wp-json\/wp\/v2\/posts"}],"about":[{"href":"https:\/\/www.sudoestehoje.com.br\/novoportal\/wp-json\/wp\/v2\/types\/post"}],"author":[{"embeddable":true,"href":"https:\/\/www.sudoestehoje.com.br\/novoportal\/wp-json\/wp\/v2\/users\/2"}],"replies":[{"embeddable":true,"href":"https:\/\/www.sudoestehoje.com.br\/novoportal\/wp-json\/wp\/v2\/comments?post=45789"}],"version-history":[{"count":7,"href":"https:\/\/www.sudoestehoje.com.br\/novoportal\/wp-json\/wp\/v2\/posts\/45789\/revisions"}],"predecessor-version":[{"id":46072,"href":"https:\/\/www.sudoestehoje.com.br\/novoportal\/wp-json\/wp\/v2\/posts\/45789\/revisions\/46072"}],"wp:attachment":[{"href":"https:\/\/www.sudoestehoje.com.br\/novoportal\/wp-json\/wp\/v2\/media?parent=45789"}],"wp:term":[{"taxonomy":"category","embeddable":true,"href":"https:\/\/www.sudoestehoje.com.br\/novoportal\/wp-json\/wp\/v2\/categories?post=45789"},{"taxonomy":"post_tag","embeddable":true,"href":"https:\/\/www.sudoestehoje.com.br\/novoportal\/wp-json\/wp\/v2\/tags?post=45789"}],"curies":[{"name":"wp","href":"https:\/\/api.w.org\/{rel}","templated":true}]}}