
{"id":45783,"date":"2015-01-03T01:16:29","date_gmt":"2015-01-03T04:16:29","guid":{"rendered":"http:\/\/www.sudoestehoje.com.br\/novoportal\/?p=45783"},"modified":"2015-01-03T01:16:32","modified_gmt":"2015-01-03T04:16:32","slug":"itapetinga-valdeir-chagas-assume-presidencia-da-camara-de-vereadores-2","status":"publish","type":"post","link":"https:\/\/www.sudoestehoje.com.br\/novoportal\/2015\/01\/03\/itapetinga-valdeir-chagas-assume-presidencia-da-camara-de-vereadores-2\/","title":{"rendered":"ITAPETINGA: VALDEIR CHAGAS ASSUME PRESID\u00caNCIA DA C\u00c2MARA DE VEREADORES"},"content":{"rendered":"<div id=\"attachment_45784\" style=\"width: 510px\" class=\"wp-caption aligncenter\"><a href=\"http:\/\/www.sudoestehoje.com.br\/novoportal\/wp-content\/uploads\/2015\/01\/posse-valdeir.jpg\"><img loading=\"lazy\" decoding=\"async\" aria-describedby=\"caption-attachment-45784\" class=\"size-medium wp-image-45784\" src=\"http:\/\/www.sudoestehoje.com.br\/novoportal\/wp-content\/uploads\/2015\/01\/posse-valdeir-500x375.jpg\" alt=\"Solenidade contou apenas com a presen\u00e7a de alguns membros da nova mesa diretora e funcion\u00e1rios da c\u00e2mara.\" width=\"500\" height=\"375\" srcset=\"https:\/\/www.sudoestehoje.com.br\/novoportal\/wp-content\/uploads\/2015\/01\/posse-valdeir-500x375.jpg 500w, https:\/\/www.sudoestehoje.com.br\/novoportal\/wp-content\/uploads\/2015\/01\/posse-valdeir-150x112.jpg 150w, https:\/\/www.sudoestehoje.com.br\/novoportal\/wp-content\/uploads\/2015\/01\/posse-valdeir.jpg 640w\" sizes=\"auto, (max-width: 500px) 100vw, 500px\" \/><\/a><p id=\"caption-attachment-45784\" class=\"wp-caption-text\">Solenidade contou apenas com a presen\u00e7a de alguns membros da nova mesa diretora e funcion\u00e1rios da c\u00e2mara.<\/p><\/div>\n<p>Em solenidade ocorrida na manh\u00e3 desta sexta-feira (02), na C\u00e2mara Municipal, o vereador Valdeir Chagas (PDT) assumiu a presid\u00eancia do legislativo municipal, para o bi\u00eanio 2015-2016, por for\u00e7a de uma liminar concedida pelo Tribunal de Justi\u00e7a da Bahia, que garantiu a posse da chapa eleita no pleito realizado em abril do ano passado.<\/p>\n<p>Em decis\u00e3o anterior, a justi\u00e7a local havia considerado nula a elei\u00e7\u00e3o da mesa diretora da c\u00e2mara, o que foi ratificado pelo TJ, que acabou voltando atr\u00e1s e validando a extempor\u00e2nea elei\u00e7\u00e3o, numa decis\u00e3o que gerou muita controv\u00e9rsia.<\/p>\n<p>At\u00e9 que a justi\u00e7a julgue o m\u00e9rito da a\u00e7\u00e3o principal que pede a anula\u00e7\u00e3o definitiva da elei\u00e7\u00e3o antecipada, a mesa diretora da c\u00e2mara de vereadores de Itapetinga fica assim constitu\u00edda:<\/p>\n<p>Presidente: Valdeir Chagas (PDT)<\/p>\n<p>Vice-presidente: Neide Pereira da Silva (PSL)<\/p>\n<p>1\u00ba Secret\u00e1rio: Jo\u00e3o Carlos Alves Pereira (PMDB)<\/p>\n<p>2\u00ba Secret\u00e1rio: Valqu\u00edrio Santos Lima (PR)<\/p>\n<p>3\u00ba Secret\u00e1rio: Jos\u00e9 Antunes da Silva (PSC)<\/p>\n<p><strong><em>Por Davi Ferraz<\/em><\/strong><\/p>\n<p><img decoding=\"async\" class=\"aligncenter\" src=\"http:\/\/www.sudoestehoje.com.br\/novoportal\/wp-content\/uploads\/2014\/12\/Banner-Casabella-500x104.jpg\" alt=\"Banner Casabella\" \/><\/p>\n","protected":false},"excerpt":{"rendered":"<p>Em solenidade ocorrida na manh\u00e3 desta sexta-feira (02), na C\u00e2mara Municipal, o vereador Valdeir Chagas (PDT) assumiu a presid\u00eancia do legislativo municipal, para o bi\u00eanio 2015-2016, por for\u00e7a de uma liminar concedida pelo Tribunal de Justi\u00e7a da Bahia, que garantiu a posse da chapa eleita no pleito realizado em abril do ano passado. Em decis\u00e3o [&hellip;]<\/p>\n","protected":false},"author":2,"featured_media":45784,"comment_status":"open","ping_status":"open","sticky":false,"template":"","format":"standard","meta":{"footnotes":"","_links_to":"","_links_to_target":""},"categories":[1],"tags":[],"class_list":["post-45783","post","type-post","status-publish","format-standard","has-post-thumbnail","hentry","category-geral"],"views":1390,"_links":{"self":[{"href":"https:\/\/www.sudoestehoje.com.br\/novoportal\/wp-json\/wp\/v2\/posts\/45783","targetHints":{"allow":["GET"]}}],"collection":[{"href":"https:\/\/www.sudoestehoje.com.br\/novoportal\/wp-json\/wp\/v2\/posts"}],"about":[{"href":"https:\/\/www.sudoestehoje.com.br\/novoportal\/wp-json\/wp\/v2\/types\/post"}],"author":[{"embeddable":true,"href":"https:\/\/www.sudoestehoje.com.br\/novoportal\/wp-json\/wp\/v2\/users\/2"}],"replies":[{"embeddable":true,"href":"https:\/\/www.sudoestehoje.com.br\/novoportal\/wp-json\/wp\/v2\/comments?post=45783"}],"version-history":[{"count":4,"href":"https:\/\/www.sudoestehoje.com.br\/novoportal\/wp-json\/wp\/v2\/posts\/45783\/revisions"}],"predecessor-version":[{"id":45788,"href":"https:\/\/www.sudoestehoje.com.br\/novoportal\/wp-json\/wp\/v2\/posts\/45783\/revisions\/45788"}],"wp:featuredmedia":[{"embeddable":true,"href":"https:\/\/www.sudoestehoje.com.br\/novoportal\/wp-json\/wp\/v2\/media\/45784"}],"wp:attachment":[{"href":"https:\/\/www.sudoestehoje.com.br\/novoportal\/wp-json\/wp\/v2\/media?parent=45783"}],"wp:term":[{"taxonomy":"category","embeddable":true,"href":"https:\/\/www.sudoestehoje.com.br\/novoportal\/wp-json\/wp\/v2\/categories?post=45783"},{"taxonomy":"post_tag","embeddable":true,"href":"https:\/\/www.sudoestehoje.com.br\/novoportal\/wp-json\/wp\/v2\/tags?post=45783"}],"curies":[{"name":"wp","href":"https:\/\/api.w.org\/{rel}","templated":true}]}}