
{"id":45756,"date":"2015-01-02T19:35:09","date_gmt":"2015-01-02T22:35:09","guid":{"rendered":"http:\/\/www.sudoestehoje.com.br\/novoportal\/?p=45756"},"modified":"2015-01-03T02:15:49","modified_gmt":"2015-01-03T05:15:49","slug":"absurdo-na-saida-wagner-sanciona-lei-que-garante-motorista-e-seguranca-para-ele-e-ex-governadores","status":"publish","type":"post","link":"https:\/\/www.sudoestehoje.com.br\/novoportal\/2015\/01\/02\/absurdo-na-saida-wagner-sanciona-lei-que-garante-motorista-e-seguranca-para-ele-e-ex-governadores\/","title":{"rendered":"ABSURDO! NA SA\u00cdDA, WAGNER SANCIONA LEI QUE GARANTE MOTORISTA E SEGURAN\u00c7A PARA ELE E EX-GOVERNADORES"},"content":{"rendered":"<div id=\"attachment_45761\" style=\"width: 511px\" class=\"wp-caption aligncenter\"><a href=\"http:\/\/www.sudoestehoje.com.br\/novoportal\/wp-content\/uploads\/2015\/01\/GALEGO.jpeg\"><img loading=\"lazy\" decoding=\"async\" aria-describedby=\"caption-attachment-45761\" class=\" wp-image-45761\" src=\"http:\/\/www.sudoestehoje.com.br\/novoportal\/wp-content\/uploads\/2015\/01\/GALEGO.jpeg\" alt=\"Al\u00e9m de garantir sal\u00e1rio integral para ele e ex-governadores, para o resto da vida, Wagner tamb\u00e9m vai usufruir de motorista e seguran\u00e7a pagos pelo contribuinte.\" width=\"501\" height=\"332\" srcset=\"https:\/\/www.sudoestehoje.com.br\/novoportal\/wp-content\/uploads\/2015\/01\/GALEGO.jpeg 460w, https:\/\/www.sudoestehoje.com.br\/novoportal\/wp-content\/uploads\/2015\/01\/GALEGO-150x99.jpeg 150w\" sizes=\"auto, (max-width: 501px) 100vw, 501px\" \/><\/a><p id=\"caption-attachment-45761\" class=\"wp-caption-text\">Al\u00e9m de garantir sal\u00e1rio integral para ele e ex-governadores, para o resto da vida, Wagner tamb\u00e9m vai usufruir de motorista e seguran\u00e7a pagos pelo contribuinte.<\/p><\/div>\n<p>Antes de terminar seu segundo mandato como governador da Bahia, Jaques Wagner sancionou a lei que d\u00e1 direito a ex-governadores utilizarem, de forma vital\u00edcia, servi\u00e7os de motorista e seguran\u00e7a, de sua livre escolha dentre os servidores do quadro de provimento permanente do Estado.<\/p>\n<p>A\u00a0 lei foi aprovada pela AL (Assembleia Legislativa) e sancionada por Jaques Wagner no dia 30 de dezembro de 2014. De acordo com a publica\u00e7\u00e3o no Di\u00e1rio Oficial, do dia 31 de dezembro de 2014, o direito \u00e9 para quem tiver exercido o cargo de governador do Estado, pelo tempo m\u00ednimo de quatro anos ininterruptos ou cinco intercalados. No entanto, \u00e0queles que fixarem resid\u00eancia fora da Bahia perder\u00e3o direito a este benefic\u00edo, enquanto n\u00e3o retornarem.<\/p>\n<p><a href=\"http:\/\/www.sudoestehoje.com.br\/novoportal\/wp-content\/uploads\/2015\/01\/MORDOMIA-WAGNER.jpg\"><img loading=\"lazy\" decoding=\"async\" class=\"aligncenter size-medium wp-image-45802\" src=\"http:\/\/www.sudoestehoje.com.br\/novoportal\/wp-content\/uploads\/2015\/01\/MORDOMIA-WAGNER-393x700.jpg\" alt=\"MORDOMIA WAGNER\" width=\"393\" height=\"700\" srcset=\"https:\/\/www.sudoestehoje.com.br\/novoportal\/wp-content\/uploads\/2015\/01\/MORDOMIA-WAGNER-393x700.jpg 393w, https:\/\/www.sudoestehoje.com.br\/novoportal\/wp-content\/uploads\/2015\/01\/MORDOMIA-WAGNER-505x900.jpg 505w, https:\/\/www.sudoestehoje.com.br\/novoportal\/wp-content\/uploads\/2015\/01\/MORDOMIA-WAGNER-84x150.jpg 84w, https:\/\/www.sudoestehoje.com.br\/novoportal\/wp-content\/uploads\/2015\/01\/MORDOMIA-WAGNER.jpg 539w\" sizes=\"auto, (max-width: 393px) 100vw, 393px\" \/><\/a><\/p>\n<p>No final de novembro de 2014, a Assembleia Legislativa baiana aprovou um projeto de <a href=\"http:\/\/http\/\/noticias.r7.com\/bahia\/ex-governadores-da-bahia-vao-receber-quase-r-20-mil-de-aposentadoria-26112014\">lei que garantiu a Jaques Wagner e a todos ex-governadores<\/a> que tenham exercido o cargo de chefe do Executivo local por quatro anos ininterruptos ou cinco anos alternados direito a uma aposentadoria vital\u00edcia. Ele passar\u00e1 a receber o benef\u00edcio no valor de cerca de R$ 19 mil a partir de janeiro de 2015. R7<\/p>\n<p><img decoding=\"async\" class=\"aligncenter\" src=\"http:\/\/www.sudoestehoje.com.br\/novoportal\/wp-content\/uploads\/2014\/12\/skala-novo.jpg\" alt=\"skala novo\" \/><\/p>\n","protected":false},"excerpt":{"rendered":"<p>Antes de terminar seu segundo mandato como governador da Bahia, Jaques Wagner sancionou a lei que d\u00e1 direito a ex-governadores utilizarem, de forma vital\u00edcia, servi\u00e7os de motorista e seguran\u00e7a, de sua livre escolha dentre os servidores do quadro de provimento permanente do Estado. A\u00a0 lei foi aprovada pela AL (Assembleia Legislativa) e sancionada por Jaques [&hellip;]<\/p>\n","protected":false},"author":2,"featured_media":0,"comment_status":"open","ping_status":"open","sticky":false,"template":"","format":"standard","meta":{"footnotes":"","_links_to":"","_links_to_target":""},"categories":[1],"tags":[],"class_list":["post-45756","post","type-post","status-publish","format-standard","hentry","category-geral"],"views":1810,"_links":{"self":[{"href":"https:\/\/www.sudoestehoje.com.br\/novoportal\/wp-json\/wp\/v2\/posts\/45756","targetHints":{"allow":["GET"]}}],"collection":[{"href":"https:\/\/www.sudoestehoje.com.br\/novoportal\/wp-json\/wp\/v2\/posts"}],"about":[{"href":"https:\/\/www.sudoestehoje.com.br\/novoportal\/wp-json\/wp\/v2\/types\/post"}],"author":[{"embeddable":true,"href":"https:\/\/www.sudoestehoje.com.br\/novoportal\/wp-json\/wp\/v2\/users\/2"}],"replies":[{"embeddable":true,"href":"https:\/\/www.sudoestehoje.com.br\/novoportal\/wp-json\/wp\/v2\/comments?post=45756"}],"version-history":[{"count":8,"href":"https:\/\/www.sudoestehoje.com.br\/novoportal\/wp-json\/wp\/v2\/posts\/45756\/revisions"}],"predecessor-version":[{"id":45804,"href":"https:\/\/www.sudoestehoje.com.br\/novoportal\/wp-json\/wp\/v2\/posts\/45756\/revisions\/45804"}],"wp:attachment":[{"href":"https:\/\/www.sudoestehoje.com.br\/novoportal\/wp-json\/wp\/v2\/media?parent=45756"}],"wp:term":[{"taxonomy":"category","embeddable":true,"href":"https:\/\/www.sudoestehoje.com.br\/novoportal\/wp-json\/wp\/v2\/categories?post=45756"},{"taxonomy":"post_tag","embeddable":true,"href":"https:\/\/www.sudoestehoje.com.br\/novoportal\/wp-json\/wp\/v2\/tags?post=45756"}],"curies":[{"name":"wp","href":"https:\/\/api.w.org\/{rel}","templated":true}]}}