
{"id":45749,"date":"2015-01-02T13:56:20","date_gmt":"2015-01-02T16:56:20","guid":{"rendered":"http:\/\/www.sudoestehoje.com.br\/novoportal\/?p=45749"},"modified":"2015-01-02T21:37:25","modified_gmt":"2015-01-03T00:37:25","slug":"apartamento-em-predio-de-luxo-pega-fogo-em-vitoria-da-conquista","status":"publish","type":"post","link":"https:\/\/www.sudoestehoje.com.br\/novoportal\/2015\/01\/02\/apartamento-em-predio-de-luxo-pega-fogo-em-vitoria-da-conquista\/","title":{"rendered":"APARTAMENTO EM PR\u00c9DIO DE LUXO PEGA FOGO EM VIT\u00d3RIA DA CONQUISTA"},"content":{"rendered":"<p><a href=\"http:\/\/www.sudoestehoje.com.br\/novoportal\/wp-content\/uploads\/2015\/01\/Inc\u00eandio-BB.jpg\"><img loading=\"lazy\" decoding=\"async\" class=\"aligncenter  wp-image-45750\" src=\"http:\/\/www.sudoestehoje.com.br\/novoportal\/wp-content\/uploads\/2015\/01\/Inc\u00eandio-BB.jpg\" alt=\"Inc\u00eandio-BB\" width=\"500\" height=\"375\" srcset=\"https:\/\/www.sudoestehoje.com.br\/novoportal\/wp-content\/uploads\/2015\/01\/Inc\u00eandio-BB.jpg 448w, https:\/\/www.sudoestehoje.com.br\/novoportal\/wp-content\/uploads\/2015\/01\/Inc\u00eandio-BB-150x112.jpg 150w\" sizes=\"auto, (max-width: 500px) 100vw, 500px\" \/><\/a><\/p>\n<p>Na manh\u00e3 desta 6\u00aa feira (2), por volta das 8h50, deu in\u00edcio a um inc\u00eandio no Ed. Di Cavalcanti, no in\u00edcio da Av. Brasil, em frente ao Bosque da Paquera da Rua da Granja, na cobertura do 8\u00ba Andar. Ap\u00f3s 30 minutos de iniciado o inc\u00eandio o Corpo de Bombeiros ainda n\u00e3o havia chegado. O mesmo apartamento no 8\u00ba andar, foi palco de uma trag\u00e9dia, \u00a0quando uma empregada dom\u00e9stica que trabalhava para um casal de empres\u00e1rios morreu ao cair da janela no dia 11 de junho de 2012.\u00a0O s\u00edndico do pr\u00e9dio, \u00a0o empres\u00e1rio Silvio Bulh\u00f5es, \u00a0n\u00e3o soube precisar a causa do inc\u00eandio.<\/p>\n<p><a href=\"http:\/\/www.sudoestehoje.com.br\/novoportal\/wp-content\/uploads\/2015\/01\/Inc\u00eandio-1.jpg\"><img loading=\"lazy\" decoding=\"async\" class=\"aligncenter  wp-image-45751\" src=\"http:\/\/www.sudoestehoje.com.br\/novoportal\/wp-content\/uploads\/2015\/01\/Inc\u00eandio-1.jpg\" alt=\"Inc\u00eandio-1\" width=\"500\" height=\"334\" srcset=\"https:\/\/www.sudoestehoje.com.br\/novoportal\/wp-content\/uploads\/2015\/01\/Inc\u00eandio-1.jpg 448w, https:\/\/www.sudoestehoje.com.br\/novoportal\/wp-content\/uploads\/2015\/01\/Inc\u00eandio-1-150x100.jpg 150w\" sizes=\"auto, (max-width: 500px) 100vw, 500px\" \/><\/a><\/p>\n<p>Os moradores propriet\u00e1rios do apartamento, \u00a0ao contr\u00e1rio do que se imaginava, n\u00e3o est\u00e3o viajando. Neste mesmo pr\u00e9dio mora o ex-comandante do Corpo de Bombeiros de Vit\u00f3ria da Conquista, Cel. Esmeraldino Correia. O inc\u00eandio pode ter iniciado com a queima de um colch\u00e3o. Ningu\u00e9m saiu ferido e o pr\u00e9dio foi totalmente evacuado. Neste exato momento os bombeiros trabalham para debelar o inc\u00eandio. Resenha Geral<\/p>\n<p><img decoding=\"async\" class=\"aligncenter\" src=\"http:\/\/www.sudoestehoje.com.br\/novoportal\/wp-content\/uploads\/2014\/08\/%C3%93TICA-ITAPUAN-BANNER1.jpg\" alt=\"\u00d3TICA-ITAPUAN-BANNER1\" \/><\/p>\n","protected":false},"excerpt":{"rendered":"<p>Na manh\u00e3 desta 6\u00aa feira (2), por volta das 8h50, deu in\u00edcio a um inc\u00eandio no Ed. Di Cavalcanti, no in\u00edcio da Av. Brasil, em frente ao Bosque da Paquera da Rua da Granja, na cobertura do 8\u00ba Andar. Ap\u00f3s 30 minutos de iniciado o inc\u00eandio o Corpo de Bombeiros ainda n\u00e3o havia chegado. O [&hellip;]<\/p>\n","protected":false},"author":2,"featured_media":0,"comment_status":"open","ping_status":"open","sticky":false,"template":"","format":"standard","meta":{"footnotes":"","_links_to":"","_links_to_target":""},"categories":[1],"tags":[],"class_list":["post-45749","post","type-post","status-publish","format-standard","hentry","category-geral"],"views":3465,"_links":{"self":[{"href":"https:\/\/www.sudoestehoje.com.br\/novoportal\/wp-json\/wp\/v2\/posts\/45749","targetHints":{"allow":["GET"]}}],"collection":[{"href":"https:\/\/www.sudoestehoje.com.br\/novoportal\/wp-json\/wp\/v2\/posts"}],"about":[{"href":"https:\/\/www.sudoestehoje.com.br\/novoportal\/wp-json\/wp\/v2\/types\/post"}],"author":[{"embeddable":true,"href":"https:\/\/www.sudoestehoje.com.br\/novoportal\/wp-json\/wp\/v2\/users\/2"}],"replies":[{"embeddable":true,"href":"https:\/\/www.sudoestehoje.com.br\/novoportal\/wp-json\/wp\/v2\/comments?post=45749"}],"version-history":[{"count":2,"href":"https:\/\/www.sudoestehoje.com.br\/novoportal\/wp-json\/wp\/v2\/posts\/45749\/revisions"}],"predecessor-version":[{"id":45771,"href":"https:\/\/www.sudoestehoje.com.br\/novoportal\/wp-json\/wp\/v2\/posts\/45749\/revisions\/45771"}],"wp:attachment":[{"href":"https:\/\/www.sudoestehoje.com.br\/novoportal\/wp-json\/wp\/v2\/media?parent=45749"}],"wp:term":[{"taxonomy":"category","embeddable":true,"href":"https:\/\/www.sudoestehoje.com.br\/novoportal\/wp-json\/wp\/v2\/categories?post=45749"},{"taxonomy":"post_tag","embeddable":true,"href":"https:\/\/www.sudoestehoje.com.br\/novoportal\/wp-json\/wp\/v2\/tags?post=45749"}],"curies":[{"name":"wp","href":"https:\/\/api.w.org\/{rel}","templated":true}]}}