
{"id":45671,"date":"2014-12-30T12:29:53","date_gmt":"2014-12-30T15:29:53","guid":{"rendered":"http:\/\/www.sudoestehoje.com.br\/novoportal\/?p=45671"},"modified":"2014-12-30T13:13:24","modified_gmt":"2014-12-30T16:13:24","slug":"ibicui-henrique-juliano-e-ivete-sangalo-no-brega-ligth-2015","status":"publish","type":"post","link":"https:\/\/www.sudoestehoje.com.br\/novoportal\/2014\/12\/30\/ibicui-henrique-juliano-e-ivete-sangalo-no-brega-ligth-2015\/","title":{"rendered":"IBICU\u00cd: HENRIQUE &#038; JULIANO E IVETE SANGALO NO BREGA LIGTH 2015"},"content":{"rendered":"<p><a href=\"http:\/\/www.sudoestehoje.com.br\/novoportal\/wp-content\/uploads\/2014\/12\/henriqueejulian.jpg\"><img loading=\"lazy\" decoding=\"async\" class=\"aligncenter size-medium wp-image-45673\" src=\"http:\/\/www.sudoestehoje.com.br\/novoportal\/wp-content\/uploads\/2014\/12\/henriqueejulian-500x300.jpg\" alt=\"henriqueejulian\" width=\"500\" height=\"300\" srcset=\"https:\/\/www.sudoestehoje.com.br\/novoportal\/wp-content\/uploads\/2014\/12\/henriqueejulian-500x300.jpg 500w, https:\/\/www.sudoestehoje.com.br\/novoportal\/wp-content\/uploads\/2014\/12\/henriqueejulian-700x420.jpg 700w, https:\/\/www.sudoestehoje.com.br\/novoportal\/wp-content\/uploads\/2014\/12\/henriqueejulian-150x90.jpg 150w, https:\/\/www.sudoestehoje.com.br\/novoportal\/wp-content\/uploads\/2014\/12\/henriqueejulian.jpg 730w\" sizes=\"auto, (max-width: 500px) 100vw, 500px\" \/><\/a><\/p>\n<p>O produtor do Brega Light, Marcos Galv\u00e3o, j\u00e1 contratou a dupla sertaneja Henrique e Juliano para a festa em 2015. Marcos tamb\u00e9m est\u00e1 em adiantada negocia\u00e7\u00e3o com a cantora Ivete Sangalo, faltando apenas alguns ajustes.<\/p>\n<p><a href=\"http:\/\/www.sudoestehoje.com.br\/novoportal\/wp-content\/uploads\/2014\/12\/ivete-sangalo-cantora.jpg\"><img loading=\"lazy\" decoding=\"async\" class=\"aligncenter size-medium wp-image-45674\" src=\"http:\/\/www.sudoestehoje.com.br\/novoportal\/wp-content\/uploads\/2014\/12\/ivete-sangalo-cantora-500x333.jpg\" alt=\"ivete-sangalo-cantora\" width=\"500\" height=\"333\" srcset=\"https:\/\/www.sudoestehoje.com.br\/novoportal\/wp-content\/uploads\/2014\/12\/ivete-sangalo-cantora-500x333.jpg 500w, https:\/\/www.sudoestehoje.com.br\/novoportal\/wp-content\/uploads\/2014\/12\/ivete-sangalo-cantora-700x466.jpg 700w, https:\/\/www.sudoestehoje.com.br\/novoportal\/wp-content\/uploads\/2014\/12\/ivete-sangalo-cantora-150x100.jpg 150w, https:\/\/www.sudoestehoje.com.br\/novoportal\/wp-content\/uploads\/2014\/12\/ivete-sangalo-cantora.jpg 1200w\" sizes=\"auto, (max-width: 500px) 100vw, 500px\" \/><\/a><\/p>\n<p>O Brega Light \u00e9 uma das festas mais tradicionais do S\u00e3o Jo\u00e3o da Bahia, acontece em Ibicu\u00ed e tem como marca principal a variedade musical. Ao contr\u00e1rio do que aconteceu no S\u00e3o Jo\u00e3o de 2014, a festa de 2015 dever\u00e1 ser realizada em apenas um dia, com atra\u00e7\u00f5es de alt\u00edssimo n\u00edvel.<\/p>\n<p><img decoding=\"async\" class=\"aligncenter\" src=\"http:\/\/www.sudoestehoje.com.br\/novoportal\/wp-content\/uploads\/2014\/09\/supermoda.png\" alt=\"supermoda\" \/><\/p>\n","protected":false},"excerpt":{"rendered":"<p>O produtor do Brega Light, Marcos Galv\u00e3o, j\u00e1 contratou a dupla sertaneja Henrique e Juliano para a festa em 2015. Marcos tamb\u00e9m est\u00e1 em adiantada negocia\u00e7\u00e3o com a cantora Ivete Sangalo, faltando apenas alguns ajustes. O Brega Light \u00e9 uma das festas mais tradicionais do S\u00e3o Jo\u00e3o da Bahia, acontece em Ibicu\u00ed e tem como [&hellip;]<\/p>\n","protected":false},"author":2,"featured_media":0,"comment_status":"open","ping_status":"open","sticky":false,"template":"","format":"standard","meta":{"footnotes":"","_links_to":"","_links_to_target":""},"categories":[1],"tags":[],"class_list":["post-45671","post","type-post","status-publish","format-standard","hentry","category-geral"],"views":3637,"_links":{"self":[{"href":"https:\/\/www.sudoestehoje.com.br\/novoportal\/wp-json\/wp\/v2\/posts\/45671","targetHints":{"allow":["GET"]}}],"collection":[{"href":"https:\/\/www.sudoestehoje.com.br\/novoportal\/wp-json\/wp\/v2\/posts"}],"about":[{"href":"https:\/\/www.sudoestehoje.com.br\/novoportal\/wp-json\/wp\/v2\/types\/post"}],"author":[{"embeddable":true,"href":"https:\/\/www.sudoestehoje.com.br\/novoportal\/wp-json\/wp\/v2\/users\/2"}],"replies":[{"embeddable":true,"href":"https:\/\/www.sudoestehoje.com.br\/novoportal\/wp-json\/wp\/v2\/comments?post=45671"}],"version-history":[{"count":5,"href":"https:\/\/www.sudoestehoje.com.br\/novoportal\/wp-json\/wp\/v2\/posts\/45671\/revisions"}],"predecessor-version":[{"id":45689,"href":"https:\/\/www.sudoestehoje.com.br\/novoportal\/wp-json\/wp\/v2\/posts\/45671\/revisions\/45689"}],"wp:attachment":[{"href":"https:\/\/www.sudoestehoje.com.br\/novoportal\/wp-json\/wp\/v2\/media?parent=45671"}],"wp:term":[{"taxonomy":"category","embeddable":true,"href":"https:\/\/www.sudoestehoje.com.br\/novoportal\/wp-json\/wp\/v2\/categories?post=45671"},{"taxonomy":"post_tag","embeddable":true,"href":"https:\/\/www.sudoestehoje.com.br\/novoportal\/wp-json\/wp\/v2\/tags?post=45671"}],"curies":[{"name":"wp","href":"https:\/\/api.w.org\/{rel}","templated":true}]}}