
{"id":45663,"date":"2014-12-30T10:10:12","date_gmt":"2014-12-30T13:10:12","guid":{"rendered":"http:\/\/www.sudoestehoje.com.br\/novoportal\/?p=45663"},"modified":"2014-12-30T13:14:26","modified_gmt":"2014-12-30T16:14:26","slug":"salario-minimo-sobe-para-r788-a-partir-de-1o-de-janeiro","status":"publish","type":"post","link":"https:\/\/www.sudoestehoje.com.br\/novoportal\/2014\/12\/30\/salario-minimo-sobe-para-r788-a-partir-de-1o-de-janeiro\/","title":{"rendered":"SAL\u00c1RIO M\u00cdNIMO SOBE PARA R$788 A PARTIR DE 1\u00ba DE JANEIRO"},"content":{"rendered":"<p><a href=\"http:\/\/www.sudoestehoje.com.br\/novoportal\/wp-content\/uploads\/2014\/12\/Sal\u00e1rio-M\u00ednimo-Sobe-em-2014-e-passar\u00e1-para-R-72290-2.jpg\"><img loading=\"lazy\" decoding=\"async\" class=\" wp-image-45664 alignleft\" src=\"http:\/\/www.sudoestehoje.com.br\/novoportal\/wp-content\/uploads\/2014\/12\/Sal\u00e1rio-M\u00ednimo-Sobe-em-2014-e-passar\u00e1-para-R-72290-2.jpg\" alt=\"Sal\u00e1rio M\u00ednimo Sobe em 2014 e passar\u00e1 para R$ 722,90 2\" width=\"325\" height=\"216\" srcset=\"https:\/\/www.sudoestehoje.com.br\/novoportal\/wp-content\/uploads\/2014\/12\/Sal\u00e1rio-M\u00ednimo-Sobe-em-2014-e-passar\u00e1-para-R-72290-2.jpg 275w, https:\/\/www.sudoestehoje.com.br\/novoportal\/wp-content\/uploads\/2014\/12\/Sal\u00e1rio-M\u00ednimo-Sobe-em-2014-e-passar\u00e1-para-R-72290-2-150x99.jpg 150w\" sizes=\"auto, (max-width: 325px) 100vw, 325px\" \/><\/a><\/p>\n<p>O ano novo est\u00e1 chegando e o Di\u00e1rio Oficial da Uni\u00e3o traz uma boa not\u00edcia nesta ter\u00e7a-feira para os trabalhadores brasileiros: o sal\u00e1rio m\u00ednimo ter\u00e1 reajuste de aproximadamente 9% em 2015. Com isso, a partir desta quinta-feira, dia 1\u00ba de janeiro de 2015,\u00a0o sal\u00e1rio m\u00ednimo do brasileiro passar\u00e1 de 724,00 para\u00a0788,00 reais, alta de quase\u00a09%.<\/p>\n<p>O n\u00famero\u00a0final \u00e9 praticamente o mesmo previsto na proposta or\u00e7ament\u00e1ria encaminhada pelo Executivo em agosto,\u00a0de 788,06 reais. O relator do Or\u00e7amento de 2015, senador Romero Juc\u00e1<b>\u00a0<\/b>(PMDB-RR), chegou a dizer no in\u00edcio de dezembro que\u00a0o valor do sal\u00e1rio m\u00ednimo seria\u00a0arredondado para 790 reais, o que n\u00e3o aconteceu.<\/p>\n<p>O impacto para as contas p\u00fablicas no pr\u00f3ximo ano\u00a0ser\u00e1 de 22 bilh\u00f5es de reais aproximadamente, uma not\u00edcia ruim para a equipe econ\u00f4mica de Dilma Rousseff que est\u00e1 com a dif\u00edcil tarefa de controlar os gastos da Uni\u00e3o e melhorar a situa\u00e7\u00e3o fiscal brasileira.<\/p>\n<p><img decoding=\"async\" class=\"aligncenter\" src=\"http:\/\/www.sudoestehoje.com.br\/novoportal\/wp-content\/uploads\/2014\/07\/Feira-do-Lar-1.png\" alt=\"Feira-do-Lar (1)\" \/><\/p>\n","protected":false},"excerpt":{"rendered":"<p>O ano novo est\u00e1 chegando e o Di\u00e1rio Oficial da Uni\u00e3o traz uma boa not\u00edcia nesta ter\u00e7a-feira para os trabalhadores brasileiros: o sal\u00e1rio m\u00ednimo ter\u00e1 reajuste de aproximadamente 9% em 2015. Com isso, a partir desta quinta-feira, dia 1\u00ba de janeiro de 2015,\u00a0o sal\u00e1rio m\u00ednimo do brasileiro passar\u00e1 de 724,00 para\u00a0788,00 reais, alta de quase\u00a09%. [&hellip;]<\/p>\n","protected":false},"author":2,"featured_media":0,"comment_status":"open","ping_status":"open","sticky":false,"template":"","format":"standard","meta":{"footnotes":"","_links_to":"","_links_to_target":""},"categories":[1],"tags":[],"class_list":["post-45663","post","type-post","status-publish","format-standard","hentry","category-geral"],"views":1232,"_links":{"self":[{"href":"https:\/\/www.sudoestehoje.com.br\/novoportal\/wp-json\/wp\/v2\/posts\/45663","targetHints":{"allow":["GET"]}}],"collection":[{"href":"https:\/\/www.sudoestehoje.com.br\/novoportal\/wp-json\/wp\/v2\/posts"}],"about":[{"href":"https:\/\/www.sudoestehoje.com.br\/novoportal\/wp-json\/wp\/v2\/types\/post"}],"author":[{"embeddable":true,"href":"https:\/\/www.sudoestehoje.com.br\/novoportal\/wp-json\/wp\/v2\/users\/2"}],"replies":[{"embeddable":true,"href":"https:\/\/www.sudoestehoje.com.br\/novoportal\/wp-json\/wp\/v2\/comments?post=45663"}],"version-history":[{"count":3,"href":"https:\/\/www.sudoestehoje.com.br\/novoportal\/wp-json\/wp\/v2\/posts\/45663\/revisions"}],"predecessor-version":[{"id":45690,"href":"https:\/\/www.sudoestehoje.com.br\/novoportal\/wp-json\/wp\/v2\/posts\/45663\/revisions\/45690"}],"wp:attachment":[{"href":"https:\/\/www.sudoestehoje.com.br\/novoportal\/wp-json\/wp\/v2\/media?parent=45663"}],"wp:term":[{"taxonomy":"category","embeddable":true,"href":"https:\/\/www.sudoestehoje.com.br\/novoportal\/wp-json\/wp\/v2\/categories?post=45663"},{"taxonomy":"post_tag","embeddable":true,"href":"https:\/\/www.sudoestehoje.com.br\/novoportal\/wp-json\/wp\/v2\/tags?post=45663"}],"curies":[{"name":"wp","href":"https:\/\/api.w.org\/{rel}","templated":true}]}}