
{"id":45635,"date":"2014-12-28T17:38:09","date_gmt":"2014-12-28T20:38:09","guid":{"rendered":"http:\/\/www.sudoestehoje.com.br\/novoportal\/?p=45635"},"modified":"2014-12-28T19:38:54","modified_gmt":"2014-12-28T22:38:54","slug":"colisao-entre-carro-e-caminhao-deixa-5-mortos-na-br-101-proximo-a-camacan","status":"publish","type":"post","link":"https:\/\/www.sudoestehoje.com.br\/novoportal\/2014\/12\/28\/colisao-entre-carro-e-caminhao-deixa-5-mortos-na-br-101-proximo-a-camacan\/","title":{"rendered":"COLIS\u00c3O ENTRE CARRO E CAMINH\u00c3O DEIXA 5 MORTOS NA BR-101, PR\u00d3XIMO A CAMACAN"},"content":{"rendered":"<p><a href=\"http:\/\/www.sudoestehoje.com.br\/novoportal\/wp-content\/uploads\/2014\/12\/camacan.jpg\"><img loading=\"lazy\" decoding=\"async\" class=\"aligncenter size-medium wp-image-45636\" src=\"http:\/\/www.sudoestehoje.com.br\/novoportal\/wp-content\/uploads\/2014\/12\/camacan-500x375.jpg\" alt=\"camacan\" width=\"500\" height=\"375\" srcset=\"https:\/\/www.sudoestehoje.com.br\/novoportal\/wp-content\/uploads\/2014\/12\/camacan-500x375.jpg 500w, https:\/\/www.sudoestehoje.com.br\/novoportal\/wp-content\/uploads\/2014\/12\/camacan-150x112.jpg 150w, https:\/\/www.sudoestehoje.com.br\/novoportal\/wp-content\/uploads\/2014\/12\/camacan.jpg 620w\" sizes=\"auto, (max-width: 500px) 100vw, 500px\" \/><\/a><\/p>\n<p>Um acidente envolvendo um carro de passeio e um caminh\u00e3o deixou cinco pessoas mortas no Km-580 da BR-101, trecho do munic\u00edpio de Camacan, no sul da Bahia, na manh\u00e3 deste domingo (28).<\/p>\n<p>Os ve\u00edculos colidiram de frente, nas proximidades da comunidade de S\u00e3o Jo\u00e3o do Panelinha, por volta das 9h. De acordo com a Pol\u00edcia Rodovi\u00e1ria Federal (PRF), os quatro ocupantes do ve\u00edculo de passeio morreram na hora. Tr\u00eas j\u00e1 foram identificados: dois homens &#8211; de 26 e 46 anos de idade -, e uma mulher de 66 anos. A quarta v\u00edtima ainda n\u00e3o foi identificada.<\/p>\n<p>De acordo com a PRF, a quinta v\u00edtima do acidente foi um pedestre que foi atingido por um dos ve\u00edculos durante a colis\u00e3o. A identidade dela ainda n\u00e3o foi descoberta. Os ocupantes do caminh\u00e3o n\u00e3o ficaram feridos. As causas da batida ainda s\u00e3o desconhecidas.<\/p>\n<p><img decoding=\"async\" class=\"aligncenter\" src=\"http:\/\/www.sudoestehoje.com.br\/novoportal\/wp-content\/uploads\/2014\/07\/Feira-do-Lar-1.png\" alt=\"Feira-do-Lar (1)\" \/><\/p>\n","protected":false},"excerpt":{"rendered":"<p>Um acidente envolvendo um carro de passeio e um caminh\u00e3o deixou cinco pessoas mortas no Km-580 da BR-101, trecho do munic\u00edpio de Camacan, no sul da Bahia, na manh\u00e3 deste domingo (28). Os ve\u00edculos colidiram de frente, nas proximidades da comunidade de S\u00e3o Jo\u00e3o do Panelinha, por volta das 9h. De acordo com a Pol\u00edcia [&hellip;]<\/p>\n","protected":false},"author":2,"featured_media":0,"comment_status":"open","ping_status":"open","sticky":false,"template":"","format":"standard","meta":{"footnotes":"","_links_to":"","_links_to_target":""},"categories":[1],"tags":[],"class_list":["post-45635","post","type-post","status-publish","format-standard","hentry","category-geral"],"views":1948,"_links":{"self":[{"href":"https:\/\/www.sudoestehoje.com.br\/novoportal\/wp-json\/wp\/v2\/posts\/45635","targetHints":{"allow":["GET"]}}],"collection":[{"href":"https:\/\/www.sudoestehoje.com.br\/novoportal\/wp-json\/wp\/v2\/posts"}],"about":[{"href":"https:\/\/www.sudoestehoje.com.br\/novoportal\/wp-json\/wp\/v2\/types\/post"}],"author":[{"embeddable":true,"href":"https:\/\/www.sudoestehoje.com.br\/novoportal\/wp-json\/wp\/v2\/users\/2"}],"replies":[{"embeddable":true,"href":"https:\/\/www.sudoestehoje.com.br\/novoportal\/wp-json\/wp\/v2\/comments?post=45635"}],"version-history":[{"count":2,"href":"https:\/\/www.sudoestehoje.com.br\/novoportal\/wp-json\/wp\/v2\/posts\/45635\/revisions"}],"predecessor-version":[{"id":45638,"href":"https:\/\/www.sudoestehoje.com.br\/novoportal\/wp-json\/wp\/v2\/posts\/45635\/revisions\/45638"}],"wp:attachment":[{"href":"https:\/\/www.sudoestehoje.com.br\/novoportal\/wp-json\/wp\/v2\/media?parent=45635"}],"wp:term":[{"taxonomy":"category","embeddable":true,"href":"https:\/\/www.sudoestehoje.com.br\/novoportal\/wp-json\/wp\/v2\/categories?post=45635"},{"taxonomy":"post_tag","embeddable":true,"href":"https:\/\/www.sudoestehoje.com.br\/novoportal\/wp-json\/wp\/v2\/tags?post=45635"}],"curies":[{"name":"wp","href":"https:\/\/api.w.org\/{rel}","templated":true}]}}