
{"id":45605,"date":"2014-12-27T23:54:09","date_gmt":"2014-12-28T02:54:09","guid":{"rendered":"http:\/\/www.sudoestehoje.com.br\/novoportal\/?p=45605"},"modified":"2014-12-28T00:05:32","modified_gmt":"2014-12-28T03:05:32","slug":"jovem-baiana-de-capim-grosso-entre-os-mortos-em-queda-de-helicoptero","status":"publish","type":"post","link":"https:\/\/www.sudoestehoje.com.br\/novoportal\/2014\/12\/27\/jovem-baiana-de-capim-grosso-entre-os-mortos-em-queda-de-helicoptero\/","title":{"rendered":"JOVEM BAIANA DE CAPIM GROSSO ENTRE OS MORTOS EM QUEDA DE HELIC\u00d3PTERO"},"content":{"rendered":"<div id=\"attachment_45607\" style=\"width: 510px\" class=\"wp-caption aligncenter\"><a href=\"http:\/\/www.sudoestehoje.com.br\/novoportal\/wp-content\/uploads\/2014\/12\/CAPIM.jpg\"><img loading=\"lazy\" decoding=\"async\" aria-describedby=\"caption-attachment-45607\" class=\"size-full wp-image-45607\" src=\"http:\/\/www.sudoestehoje.com.br\/novoportal\/wp-content\/uploads\/2014\/12\/CAPIM.jpg\" alt=\"jOVEM\" width=\"500\" height=\"306\" srcset=\"https:\/\/www.sudoestehoje.com.br\/novoportal\/wp-content\/uploads\/2014\/12\/CAPIM.jpg 500w, https:\/\/www.sudoestehoje.com.br\/novoportal\/wp-content\/uploads\/2014\/12\/CAPIM-150x91.jpg 150w\" sizes=\"auto, (max-width: 500px) 100vw, 500px\" \/><\/a><p id=\"caption-attachment-45607\" class=\"wp-caption-text\">Raquel Vilas Boas, baiana de Capim Grosso, trabalhava como bab\u00e1 para a fam\u00edlia que morreu na queda do helic\u00f3ptero em Bertioga, S\u00e3o Paulo. Foto Facebook<\/p><\/div>\n<p>Na manh\u00e3 deste s\u00e1bado (27), um helic\u00f3ptero caiu na regi\u00e3o de Bertioga, cidade localizada no litoral de S\u00e3o Paulo. A aeronave levava cinco pessoas: o casal Lumara Rocha Passos M\u00fcller e Marcelo M\u00fcller, neto do fundador da Companhia M\u00fcller de Bebidas, Pirassununga 51; a filha do casal, Ge\u00f3rgia, de dois anos; a bab\u00e1 da crian\u00e7a, Raquel Vilas Boas, baiana de Capim Grosso; e o piloto Thiago Yamamoto. O helic\u00f3ptero iria pousar num hospital da capital paulista, onde a crian\u00e7a seria atendida para tratamento de uma virose. Raquel tinha 26 anos e morava em S\u00e3o Paulo h\u00e1 oito.<\/p>\n<p><img decoding=\"async\" class=\"aligncenter\" src=\"http:\/\/www.sudoestehoje.com.br\/novoportal\/wp-content\/uploads\/2014\/11\/RAMOS-PNEUS-HORIZONTAL-500x332.jpg\" alt=\"RAMOS PNEUS HORIZONTAL\" \/><\/p>\n","protected":false},"excerpt":{"rendered":"<p>Na manh\u00e3 deste s\u00e1bado (27), um helic\u00f3ptero caiu na regi\u00e3o de Bertioga, cidade localizada no litoral de S\u00e3o Paulo. A aeronave levava cinco pessoas: o casal Lumara Rocha Passos M\u00fcller e Marcelo M\u00fcller, neto do fundador da Companhia M\u00fcller de Bebidas, Pirassununga 51; a filha do casal, Ge\u00f3rgia, de dois anos; a bab\u00e1 da crian\u00e7a, [&hellip;]<\/p>\n","protected":false},"author":2,"featured_media":0,"comment_status":"open","ping_status":"open","sticky":false,"template":"","format":"standard","meta":{"footnotes":"","_links_to":"","_links_to_target":""},"categories":[1],"tags":[],"class_list":["post-45605","post","type-post","status-publish","format-standard","hentry","category-geral"],"views":3134,"_links":{"self":[{"href":"https:\/\/www.sudoestehoje.com.br\/novoportal\/wp-json\/wp\/v2\/posts\/45605","targetHints":{"allow":["GET"]}}],"collection":[{"href":"https:\/\/www.sudoestehoje.com.br\/novoportal\/wp-json\/wp\/v2\/posts"}],"about":[{"href":"https:\/\/www.sudoestehoje.com.br\/novoportal\/wp-json\/wp\/v2\/types\/post"}],"author":[{"embeddable":true,"href":"https:\/\/www.sudoestehoje.com.br\/novoportal\/wp-json\/wp\/v2\/users\/2"}],"replies":[{"embeddable":true,"href":"https:\/\/www.sudoestehoje.com.br\/novoportal\/wp-json\/wp\/v2\/comments?post=45605"}],"version-history":[{"count":4,"href":"https:\/\/www.sudoestehoje.com.br\/novoportal\/wp-json\/wp\/v2\/posts\/45605\/revisions"}],"predecessor-version":[{"id":45617,"href":"https:\/\/www.sudoestehoje.com.br\/novoportal\/wp-json\/wp\/v2\/posts\/45605\/revisions\/45617"}],"wp:attachment":[{"href":"https:\/\/www.sudoestehoje.com.br\/novoportal\/wp-json\/wp\/v2\/media?parent=45605"}],"wp:term":[{"taxonomy":"category","embeddable":true,"href":"https:\/\/www.sudoestehoje.com.br\/novoportal\/wp-json\/wp\/v2\/categories?post=45605"},{"taxonomy":"post_tag","embeddable":true,"href":"https:\/\/www.sudoestehoje.com.br\/novoportal\/wp-json\/wp\/v2\/tags?post=45605"}],"curies":[{"name":"wp","href":"https:\/\/api.w.org\/{rel}","templated":true}]}}