
{"id":45589,"date":"2014-12-27T18:34:27","date_gmt":"2014-12-27T21:34:27","guid":{"rendered":"http:\/\/www.sudoestehoje.com.br\/novoportal\/?p=45589"},"modified":"2014-12-28T00:22:48","modified_gmt":"2014-12-28T03:22:48","slug":"imbassahy-e-considerado-o-melhor-deputado-do-brasil-segundo-veja","status":"publish","type":"post","link":"https:\/\/www.sudoestehoje.com.br\/novoportal\/2014\/12\/27\/imbassahy-e-considerado-o-melhor-deputado-do-brasil-segundo-veja\/","title":{"rendered":"IMBASSAHY \u00c9 CONSIDERADO O MELHOR DEPUTADO DO BRASIL, SEGUNDO VEJA"},"content":{"rendered":"<p><a href=\"http:\/\/www.sudoestehoje.com.br\/novoportal\/wp-content\/uploads\/2014\/12\/antonio-imbassahy-foto-george-gianni-psdb-3.jpg\"><img loading=\"lazy\" decoding=\"async\" class=\"aligncenter size-medium wp-image-45590\" src=\"http:\/\/www.sudoestehoje.com.br\/novoportal\/wp-content\/uploads\/2014\/12\/antonio-imbassahy-foto-george-gianni-psdb-3-500x333.jpg\" alt=\"antonio-imbassahy-foto-george-gianni-psdb-3\" width=\"500\" height=\"333\" srcset=\"https:\/\/www.sudoestehoje.com.br\/novoportal\/wp-content\/uploads\/2014\/12\/antonio-imbassahy-foto-george-gianni-psdb-3-500x333.jpg 500w, https:\/\/www.sudoestehoje.com.br\/novoportal\/wp-content\/uploads\/2014\/12\/antonio-imbassahy-foto-george-gianni-psdb-3-700x466.jpg 700w, https:\/\/www.sudoestehoje.com.br\/novoportal\/wp-content\/uploads\/2014\/12\/antonio-imbassahy-foto-george-gianni-psdb-3-150x99.jpg 150w, https:\/\/www.sudoestehoje.com.br\/novoportal\/wp-content\/uploads\/2014\/12\/antonio-imbassahy-foto-george-gianni-psdb-3.jpg 1181w\" sizes=\"auto, (max-width: 500px) 100vw, 500px\" \/><\/a><\/p>\n<p>O deputado federal Ant\u00f4nio Imbassahy (PSDB-BA) aparece em primeiro lugar no ranking dos melhores parlamentares de 2014 feito pela revista Veja em parceria com o N\u00facleo de Estudos sobre o Congresso (Necon), do Instituto de Estudos Sociais e Pol\u00edticos da Universidade do Estado do Rio de Janeiro (Iesp-\u00acUerj). A lista foi publicada na edi\u00e7\u00e3o deste fim de semana. Com nota 10, ele empatou com outro tucano, Marcus Pestana (MA).<\/p>\n<p><img decoding=\"async\" class=\"aligncenter\" src=\"http:\/\/www.sudoestehoje.com.br\/novoportal\/wp-content\/uploads\/2014\/09\/supermoda.png\" alt=\"supermoda\" \/><\/p>\n<p><!--more--><\/p>\n<p>Entre os \u00a0parlamentares baianos que ocupam cadeira na C\u00e2mara e est\u00e3o entre os 100 primeiros, constam tamb\u00e9m Amauri Teixeira (PT), em 10\u00ba, com nota 8,58; Jutahy Magalh\u00e3es Junior (PSDB), em 20\u00ba, com 8,1; Jos\u00e9 Rocha (PR), em 38\u00ba e nota 7,51; Marcos Medrado, na 51\u00aa posi\u00e7\u00e3o, com 7,05; Luiz de Deus (DEM), com 7,02, em 51\u00ba; Arthur Maia (SD), com 7,01, em 54\u00ba.<\/p>\n<p>O governador eleito, Rui Costa (PT), ficou em 55\u00ba, com 7; F\u00e1bio Souto (DEM) e Josias Gomes (PT) empataram no 77\u00ba, com nota 6,44; Valmir Assun\u00e7\u00e3o est\u00e1 em 79\u00ba lugar, com 6,35. A lista dos cem melhores ainda tem Cl\u00e1udio Cajado (DEM), em 81\u00ba, empatado com o vice-governador eleito Jo\u00e3o Le\u00e3o (PP); Geraldo Sim\u00f5es (PT), em 87\u00ba; Luiz Alberto (PT), em 89\u00ba, empatado com Waldenor Pereira (PT); e Nelson Pelegrino (PT), em 99\u00ba, mesma posi\u00e7\u00e3o de Paulo Magalh\u00e3es (PSD).<\/p>\n","protected":false},"excerpt":{"rendered":"<p>O deputado federal Ant\u00f4nio Imbassahy (PSDB-BA) aparece em primeiro lugar no ranking dos melhores parlamentares de 2014 feito pela revista Veja em parceria com o N\u00facleo de Estudos sobre o Congresso (Necon), do Instituto de Estudos Sociais e Pol\u00edticos da Universidade do Estado do Rio de Janeiro (Iesp-\u00acUerj). A lista foi publicada na edi\u00e7\u00e3o deste [&hellip;]<\/p>\n","protected":false},"author":2,"featured_media":0,"comment_status":"open","ping_status":"open","sticky":false,"template":"","format":"standard","meta":{"footnotes":"","_links_to":"","_links_to_target":""},"categories":[1],"tags":[],"class_list":["post-45589","post","type-post","status-publish","format-standard","hentry","category-geral"],"views":1244,"_links":{"self":[{"href":"https:\/\/www.sudoestehoje.com.br\/novoportal\/wp-json\/wp\/v2\/posts\/45589","targetHints":{"allow":["GET"]}}],"collection":[{"href":"https:\/\/www.sudoestehoje.com.br\/novoportal\/wp-json\/wp\/v2\/posts"}],"about":[{"href":"https:\/\/www.sudoestehoje.com.br\/novoportal\/wp-json\/wp\/v2\/types\/post"}],"author":[{"embeddable":true,"href":"https:\/\/www.sudoestehoje.com.br\/novoportal\/wp-json\/wp\/v2\/users\/2"}],"replies":[{"embeddable":true,"href":"https:\/\/www.sudoestehoje.com.br\/novoportal\/wp-json\/wp\/v2\/comments?post=45589"}],"version-history":[{"count":4,"href":"https:\/\/www.sudoestehoje.com.br\/novoportal\/wp-json\/wp\/v2\/posts\/45589\/revisions"}],"predecessor-version":[{"id":45622,"href":"https:\/\/www.sudoestehoje.com.br\/novoportal\/wp-json\/wp\/v2\/posts\/45589\/revisions\/45622"}],"wp:attachment":[{"href":"https:\/\/www.sudoestehoje.com.br\/novoportal\/wp-json\/wp\/v2\/media?parent=45589"}],"wp:term":[{"taxonomy":"category","embeddable":true,"href":"https:\/\/www.sudoestehoje.com.br\/novoportal\/wp-json\/wp\/v2\/categories?post=45589"},{"taxonomy":"post_tag","embeddable":true,"href":"https:\/\/www.sudoestehoje.com.br\/novoportal\/wp-json\/wp\/v2\/tags?post=45589"}],"curies":[{"name":"wp","href":"https:\/\/api.w.org\/{rel}","templated":true}]}}