
{"id":45580,"date":"2014-12-27T11:50:27","date_gmt":"2014-12-27T14:50:27","guid":{"rendered":"http:\/\/www.sudoestehoje.com.br\/novoportal\/?p=45580"},"modified":"2014-12-28T00:24:15","modified_gmt":"2014-12-28T03:24:15","slug":"acidente-com-onibus-que-saiu-de-porto-seguro-mata-8-pessoas-na-br-101","status":"publish","type":"post","link":"https:\/\/www.sudoestehoje.com.br\/novoportal\/2014\/12\/27\/acidente-com-onibus-que-saiu-de-porto-seguro-mata-8-pessoas-na-br-101\/","title":{"rendered":"ACIDENTE COM \u00d4NIBUS QUE SAIU DE PORTO SEGURO MATA 8 PESSOAS NA BR-101"},"content":{"rendered":"<p><img loading=\"lazy\" decoding=\"async\" class=\"aligncenter\" src=\"http:\/\/www.blogdorodrigoferraz.com.br\/v1\/wp-content\/uploads\/2014\/12\/frame1.jpg\" alt=\"\u00d4nibus com 31 passageiros e um motorista,  capotou e caiu em  ribanceira  (Foto: Reprodu\u00e7\u00e3o\/TV Gazeta)\" width=\"500\" height=\"375\" \/><\/p>\n<p>Um \u00f4nibus da empresa S\u00e3o Geraldo, que saiu de Porto Seguro, no sul da Bahia, para o Rio de Janeiro, caiu de uma ribanceira no in\u00edcio da manh\u00e3 deste s\u00e1bado, 27, na BR-101, no munic\u00edpio de Serra, no Esp\u00edrito Santo.<\/p>\n<p>Segundo informa\u00e7\u00f5es preliminares da Pol\u00edcia Rodovi\u00e1ria Federal (PRF), pelo menos oito pessoas morreram no acidente. Outras 21 pessoas foram socorridas para o Hospital Jayme dos Santos Neves, em Serra. Entre os feridos, 13 apresentavam ferimentos mais graves, como traumatismo craniano e fratura de f\u00eamur.<\/p>\n<p><img loading=\"lazy\" decoding=\"async\" class=\"aligncenter\" src=\"http:\/\/static.blogdaresenhageral.com.br\/wp-content\/uploads\/2014\/12\/650x375_acidente-vitoria_1478454.jpg?150b87\" alt=\"650x375_acidente-vitoria_1478454\" width=\"501\" height=\"289\" \/><\/p>\n<p>Equipes da PRF, do Servi\u00e7o de Atendimento M\u00e9dico de Urg\u00eancia (Samu), do Corpo de Bombeiros e da Eco 101, concession\u00e1ria que administra a rodovia foram enviadas ao local para prestar socorro \u00e0s v\u00edtimas. &#8220;O trabalho \u00e9 muito delicado porque h\u00e1 risco de ter pessoas presas \u00e0s ferragens&#8221;, informou a PRF.<\/p>\n<p>A empresa S\u00e3o Geraldo informou que s\u00f3 vai divulgar o nome das pessoas mortas quando o Instituto M\u00e9dico Legal confirmar os nomes, porque com o acidente, documentos podem se locomover e confundir essa identifica\u00e7\u00e3o. Funcion\u00e1rios da S\u00e3o Geraldo de Vit\u00f3ria est\u00e3o no local e outros de Belo Horizonte est\u00e3o a caminho. Ainda segundo a empresa, todos os passageiros devem seguir para o hospital, pois mesmo que n\u00e3o tenham ferimentos aparentes podem ter les\u00f5es internas.<\/p>\n<p><img decoding=\"async\" class=\"aligncenter\" src=\"http:\/\/www.sudoestehoje.com.br\/novoportal\/wp-content\/uploads\/2014\/07\/Feira-do-Lar-1.png\" alt=\"Feira-do-Lar (1)\" \/><\/p>\n","protected":false},"excerpt":{"rendered":"<p>Um \u00f4nibus da empresa S\u00e3o Geraldo, que saiu de Porto Seguro, no sul da Bahia, para o Rio de Janeiro, caiu de uma ribanceira no in\u00edcio da manh\u00e3 deste s\u00e1bado, 27, na BR-101, no munic\u00edpio de Serra, no Esp\u00edrito Santo. Segundo informa\u00e7\u00f5es preliminares da Pol\u00edcia Rodovi\u00e1ria Federal (PRF), pelo menos oito pessoas morreram no acidente. [&hellip;]<\/p>\n","protected":false},"author":2,"featured_media":0,"comment_status":"open","ping_status":"open","sticky":false,"template":"","format":"standard","meta":{"footnotes":"","_links_to":"","_links_to_target":""},"categories":[1],"tags":[],"class_list":["post-45580","post","type-post","status-publish","format-standard","hentry","category-geral"],"views":2076,"_links":{"self":[{"href":"https:\/\/www.sudoestehoje.com.br\/novoportal\/wp-json\/wp\/v2\/posts\/45580","targetHints":{"allow":["GET"]}}],"collection":[{"href":"https:\/\/www.sudoestehoje.com.br\/novoportal\/wp-json\/wp\/v2\/posts"}],"about":[{"href":"https:\/\/www.sudoestehoje.com.br\/novoportal\/wp-json\/wp\/v2\/types\/post"}],"author":[{"embeddable":true,"href":"https:\/\/www.sudoestehoje.com.br\/novoportal\/wp-json\/wp\/v2\/users\/2"}],"replies":[{"embeddable":true,"href":"https:\/\/www.sudoestehoje.com.br\/novoportal\/wp-json\/wp\/v2\/comments?post=45580"}],"version-history":[{"count":6,"href":"https:\/\/www.sudoestehoje.com.br\/novoportal\/wp-json\/wp\/v2\/posts\/45580\/revisions"}],"predecessor-version":[{"id":45623,"href":"https:\/\/www.sudoestehoje.com.br\/novoportal\/wp-json\/wp\/v2\/posts\/45580\/revisions\/45623"}],"wp:attachment":[{"href":"https:\/\/www.sudoestehoje.com.br\/novoportal\/wp-json\/wp\/v2\/media?parent=45580"}],"wp:term":[{"taxonomy":"category","embeddable":true,"href":"https:\/\/www.sudoestehoje.com.br\/novoportal\/wp-json\/wp\/v2\/categories?post=45580"},{"taxonomy":"post_tag","embeddable":true,"href":"https:\/\/www.sudoestehoje.com.br\/novoportal\/wp-json\/wp\/v2\/tags?post=45580"}],"curies":[{"name":"wp","href":"https:\/\/api.w.org\/{rel}","templated":true}]}}