
{"id":45561,"date":"2014-12-26T13:09:58","date_gmt":"2014-12-26T16:09:58","guid":{"rendered":"http:\/\/www.sudoestehoje.com.br\/novoportal\/?p=45561"},"modified":"2014-12-26T18:57:40","modified_gmt":"2014-12-26T21:57:40","slug":"servidores-nomeados-e-contratados-da-prefeitura-com-4-meses-de-atraso","status":"publish","type":"post","link":"https:\/\/www.sudoestehoje.com.br\/novoportal\/2014\/12\/26\/servidores-nomeados-e-contratados-da-prefeitura-com-4-meses-de-atraso\/","title":{"rendered":"SERVIDORES NOMEADOS E CONTRATADOS DA PREFEITURA COM 4 MESES DE ATRASO"},"content":{"rendered":"<p><a href=\"http:\/\/www.sudoestehoje.com.br\/novoportal\/wp-content\/uploads\/2014\/12\/meu-sal\u00e1rio.jpg\"><img loading=\"lazy\" decoding=\"async\" class=\"aligncenter size-medium wp-image-45563\" src=\"http:\/\/www.sudoestehoje.com.br\/novoportal\/wp-content\/uploads\/2014\/12\/meu-sal\u00e1rio-500x346.jpg\" alt=\"meu-sal\u00e1rio\" width=\"500\" height=\"346\" srcset=\"https:\/\/www.sudoestehoje.com.br\/novoportal\/wp-content\/uploads\/2014\/12\/meu-sal\u00e1rio-500x346.jpg 500w, https:\/\/www.sudoestehoje.com.br\/novoportal\/wp-content\/uploads\/2014\/12\/meu-sal\u00e1rio-150x103.jpg 150w, https:\/\/www.sudoestehoje.com.br\/novoportal\/wp-content\/uploads\/2014\/12\/meu-sal\u00e1rio.jpg 629w\" sizes=\"auto, (max-width: 500px) 100vw, 500px\" \/><\/a><\/p>\n<p>ITAPETINGA: Atrav\u00e9s de um coment\u00e1rio no blog, um leitor do Sudoeste Hoje solicitou a publica\u00e7\u00e3o do seu apelo, reclamando dos 4 meses de sal\u00e1rios atrasados pela prefeitura. S\u00e3o centenas de pais e m\u00e3es de fam\u00edlia que se encontram em situa\u00e7\u00e3o dif\u00edcil. Confira o desabafo do servidor, que se identificou pelo pseud\u00f4nimo de &#8216;Biscoit\u00e3o&#8217;:<\/p>\n<p><em>&#8220;Sr. Davi, bom dia.\u00a0N\u00e3o sei se esse \u00e9 o lugar correto, mas sei que o momento \u00e9 mais do que apropriado. Hoje (25\/12\/2014) consultei meu saldo junto ao banco e para a minha certeza, minha conta se encontra negativa. Isso mesmo, negativa. Trabalho de segunda a sexta, sendo cumpridor do meu hor\u00e1rio e das minhas obriga\u00e7\u00f5es, e at\u00e9 o momento o Sr. Jos\u00e9 Carlos Moura ainda n\u00e3o pagou os 4 meses que s\u00e3o devidos aos seus funcion\u00e1rios nomeados e contratados (onde me incluo). N\u00e3o me recordo de ter visto isso acontecer em nenhuma outra administra\u00e7\u00e3o. Antes que algum engra\u00e7adinho diga: Toma paquet\u00e1! ou Come feira, quem mandou votar no PT, lembrem-se que a maioria dos trabalhadores s\u00e3o pais de fam\u00edlia, tem contas a pagar e tamb\u00e9m tem que colocar comida \u00e0 mesa. As minhas perguntas s\u00e3o simples: por que os funcion\u00e1rios n\u00e3o foram pagos ainda? Onde os vereadores est\u00e3o que n\u00e3o veem isso? Por que os Secret\u00e1rios competentes (Administra\u00e7\u00e3o e Finan\u00e7as) n\u00e3o v\u00eam a p\u00fablico dar uma satisfa\u00e7\u00e3o aos funcion\u00e1rios?\u00a0<\/em><em>Sr. Davi, espero que meu coment\u00e1rio seja publicado, e que algu\u00e9m possa responder \u00e0 esses questionamentos.&#8221;\u00a0<\/em><\/p>\n<p>Nesses quatro meses em que o prefeito deixou de pagar os sal\u00e1rios dos contratados e ocupantes de cargos de confian\u00e7a, a prefeitura arrecadou mais de R$50 milh\u00f5es de reais em transfer\u00eancias volunt\u00e1rias dos governos federal e estadual. Onde foi parar toda essa grana?<\/p>\n<p><strong><em>Por Davi Ferraz\u00a0<\/em><\/strong><\/p>\n<p><img decoding=\"async\" class=\"aligncenter\" src=\"http:\/\/www.sudoestehoje.com.br\/novoportal\/wp-content\/uploads\/2014\/12\/skala-novo.jpg\" alt=\"skala novo\" \/><\/p>\n","protected":false},"excerpt":{"rendered":"<p>ITAPETINGA: Atrav\u00e9s de um coment\u00e1rio no blog, um leitor do Sudoeste Hoje solicitou a publica\u00e7\u00e3o do seu apelo, reclamando dos 4 meses de sal\u00e1rios atrasados pela prefeitura. S\u00e3o centenas de pais e m\u00e3es de fam\u00edlia que se encontram em situa\u00e7\u00e3o dif\u00edcil. Confira o desabafo do servidor, que se identificou pelo pseud\u00f4nimo de &#8216;Biscoit\u00e3o&#8217;: &#8220;Sr. Davi, [&hellip;]<\/p>\n","protected":false},"author":2,"featured_media":0,"comment_status":"open","ping_status":"open","sticky":false,"template":"","format":"standard","meta":{"footnotes":"","_links_to":"","_links_to_target":""},"categories":[1],"tags":[],"class_list":["post-45561","post","type-post","status-publish","format-standard","hentry","category-geral"],"views":1440,"_links":{"self":[{"href":"https:\/\/www.sudoestehoje.com.br\/novoportal\/wp-json\/wp\/v2\/posts\/45561","targetHints":{"allow":["GET"]}}],"collection":[{"href":"https:\/\/www.sudoestehoje.com.br\/novoportal\/wp-json\/wp\/v2\/posts"}],"about":[{"href":"https:\/\/www.sudoestehoje.com.br\/novoportal\/wp-json\/wp\/v2\/types\/post"}],"author":[{"embeddable":true,"href":"https:\/\/www.sudoestehoje.com.br\/novoportal\/wp-json\/wp\/v2\/users\/2"}],"replies":[{"embeddable":true,"href":"https:\/\/www.sudoestehoje.com.br\/novoportal\/wp-json\/wp\/v2\/comments?post=45561"}],"version-history":[{"count":4,"href":"https:\/\/www.sudoestehoje.com.br\/novoportal\/wp-json\/wp\/v2\/posts\/45561\/revisions"}],"predecessor-version":[{"id":45576,"href":"https:\/\/www.sudoestehoje.com.br\/novoportal\/wp-json\/wp\/v2\/posts\/45561\/revisions\/45576"}],"wp:attachment":[{"href":"https:\/\/www.sudoestehoje.com.br\/novoportal\/wp-json\/wp\/v2\/media?parent=45561"}],"wp:term":[{"taxonomy":"category","embeddable":true,"href":"https:\/\/www.sudoestehoje.com.br\/novoportal\/wp-json\/wp\/v2\/categories?post=45561"},{"taxonomy":"post_tag","embeddable":true,"href":"https:\/\/www.sudoestehoje.com.br\/novoportal\/wp-json\/wp\/v2\/tags?post=45561"}],"curies":[{"name":"wp","href":"https:\/\/api.w.org\/{rel}","templated":true}]}}