
{"id":45553,"date":"2014-12-26T08:58:02","date_gmt":"2014-12-26T11:58:02","guid":{"rendered":"http:\/\/www.sudoestehoje.com.br\/novoportal\/?p=45553"},"modified":"2014-12-26T19:00:19","modified_gmt":"2014-12-26T22:00:19","slug":"oposicao-tera-maioria-na-camara","status":"publish","type":"post","link":"https:\/\/www.sudoestehoje.com.br\/novoportal\/2014\/12\/26\/oposicao-tera-maioria-na-camara\/","title":{"rendered":"OPOSI\u00c7\u00c3O TER\u00c1 MAIORIA NA C\u00c2MARA"},"content":{"rendered":"<div id=\"attachment_45554\" style=\"width: 510px\" class=\"wp-caption aligncenter\"><a href=\"http:\/\/www.sudoestehoje.com.br\/novoportal\/wp-content\/uploads\/2014\/12\/oposi\u00e7\u00e3o-itapetinga.jpg\"><img loading=\"lazy\" decoding=\"async\" aria-describedby=\"caption-attachment-45554\" class=\"size-medium wp-image-45554\" src=\"http:\/\/www.sudoestehoje.com.br\/novoportal\/wp-content\/uploads\/2014\/12\/oposi\u00e7\u00e3o-itapetinga-500x280.jpg\" alt=\"Os vereadores\" width=\"500\" height=\"280\" srcset=\"https:\/\/www.sudoestehoje.com.br\/novoportal\/wp-content\/uploads\/2014\/12\/oposi\u00e7\u00e3o-itapetinga-500x280.jpg 500w, https:\/\/www.sudoestehoje.com.br\/novoportal\/wp-content\/uploads\/2014\/12\/oposi\u00e7\u00e3o-itapetinga-700x393.jpg 700w, https:\/\/www.sudoestehoje.com.br\/novoportal\/wp-content\/uploads\/2014\/12\/oposi\u00e7\u00e3o-itapetinga-150x84.jpg 150w, https:\/\/www.sudoestehoje.com.br\/novoportal\/wp-content\/uploads\/2014\/12\/oposi\u00e7\u00e3o-itapetinga.jpg 719w\" sizes=\"auto, (max-width: 500px) 100vw, 500px\" \/><\/a><p id=\"caption-attachment-45554\" class=\"wp-caption-text\">Os vereadores Amaral, Marc\u00e3o, Naara, Alfredo, Renan, Bahia, Jo\u00e3o de Deus e Tarug\u00e3o (que n\u00e3o est\u00e1 na foto), todos de oposi\u00e7\u00e3o ao prefeito, formam hoje maioria absoluta na C\u00e2mara de Vereadores de Itapetinga.<\/p><\/div>\n<p>Se nenhum milagre acontecer at\u00e9 o dia 31 de dezembro, revertendo a decis\u00e3o judicial que validou a elei\u00e7\u00e3o antecipada da mesa diretora na C\u00e2mara de Vereadores de Itapetinga, o grupo do prefeito continuar\u00e1 comandando o legislativo municipal por mais quatro anos, com o vereador Valdeir Chagas na presid\u00eancia e Tiquinho e Romildo no comando, como acontece com atual presidente N\u00eddia Oliveira.<\/p>\n<p>Em compensa\u00e7\u00e3o, o prefeito n\u00e3o contar\u00e1 mais com a maioria no plen\u00e1rio, a n\u00e3o ser que o articulado e treiteiro Amaral Junior caia no arrependimento e volte aos seus bra\u00e7os, o que \u00e9 muito prov\u00e1vel. A oposi\u00e7\u00e3o contar\u00e1 com oito vereadores experientes e infinitamente mais preparados no plen\u00e1rio, contra apenas seis paus mandados do prefeito, que nada entendem do riscado, e um &#8216;inocente&#8217; dirigindo as sess\u00f5es.<\/p>\n<p>Desta forma, as decis\u00f5es sobre os projetos que tramitar\u00e3o na c\u00e2mara, ficar\u00e3o \u00e0 merc\u00ea da oposi\u00e7\u00e3o, que aprovar\u00e1 o que quiser nas sess\u00f5es, inclusive se haver\u00e1 ou n\u00e3o quorum para delibera\u00e7\u00e3o.<\/p>\n<p>Vai ser briga de gente grande, contra <em>&#8216;menino v\u00e9i buchudo&#8217;<\/em>&#8230;<\/p>\n<p><strong><em>Por Davi Ferraz<\/em><\/strong><\/p>\n<p><img decoding=\"async\" class=\"aligncenter\" src=\"http:\/\/www.sudoestehoje.com.br\/novoportal\/wp-content\/uploads\/2014\/09\/supermoda.png\" alt=\"supermoda\" \/><\/p>\n","protected":false},"excerpt":{"rendered":"<p>Se nenhum milagre acontecer at\u00e9 o dia 31 de dezembro, revertendo a decis\u00e3o judicial que validou a elei\u00e7\u00e3o antecipada da mesa diretora na C\u00e2mara de Vereadores de Itapetinga, o grupo do prefeito continuar\u00e1 comandando o legislativo municipal por mais quatro anos, com o vereador Valdeir Chagas na presid\u00eancia e Tiquinho e Romildo no comando, como [&hellip;]<\/p>\n","protected":false},"author":2,"featured_media":0,"comment_status":"open","ping_status":"open","sticky":false,"template":"","format":"standard","meta":{"footnotes":"","_links_to":"","_links_to_target":""},"categories":[1],"tags":[],"class_list":["post-45553","post","type-post","status-publish","format-standard","hentry","category-geral"],"views":1278,"_links":{"self":[{"href":"https:\/\/www.sudoestehoje.com.br\/novoportal\/wp-json\/wp\/v2\/posts\/45553","targetHints":{"allow":["GET"]}}],"collection":[{"href":"https:\/\/www.sudoestehoje.com.br\/novoportal\/wp-json\/wp\/v2\/posts"}],"about":[{"href":"https:\/\/www.sudoestehoje.com.br\/novoportal\/wp-json\/wp\/v2\/types\/post"}],"author":[{"embeddable":true,"href":"https:\/\/www.sudoestehoje.com.br\/novoportal\/wp-json\/wp\/v2\/users\/2"}],"replies":[{"embeddable":true,"href":"https:\/\/www.sudoestehoje.com.br\/novoportal\/wp-json\/wp\/v2\/comments?post=45553"}],"version-history":[{"count":4,"href":"https:\/\/www.sudoestehoje.com.br\/novoportal\/wp-json\/wp\/v2\/posts\/45553\/revisions"}],"predecessor-version":[{"id":45578,"href":"https:\/\/www.sudoestehoje.com.br\/novoportal\/wp-json\/wp\/v2\/posts\/45553\/revisions\/45578"}],"wp:attachment":[{"href":"https:\/\/www.sudoestehoje.com.br\/novoportal\/wp-json\/wp\/v2\/media?parent=45553"}],"wp:term":[{"taxonomy":"category","embeddable":true,"href":"https:\/\/www.sudoestehoje.com.br\/novoportal\/wp-json\/wp\/v2\/categories?post=45553"},{"taxonomy":"post_tag","embeddable":true,"href":"https:\/\/www.sudoestehoje.com.br\/novoportal\/wp-json\/wp\/v2\/tags?post=45553"}],"curies":[{"name":"wp","href":"https:\/\/api.w.org\/{rel}","templated":true}]}}