
{"id":45515,"date":"2014-12-24T20:37:07","date_gmt":"2014-12-24T23:37:07","guid":{"rendered":"http:\/\/www.sudoestehoje.com.br\/novoportal\/?p=45515"},"modified":"2014-12-24T20:55:54","modified_gmt":"2014-12-24T23:55:54","slug":"wagner-no-ministerio-da-defesa-e-castigo-ou-piada-de-mau-gosto","status":"publish","type":"post","link":"https:\/\/www.sudoestehoje.com.br\/novoportal\/2014\/12\/24\/wagner-no-ministerio-da-defesa-e-castigo-ou-piada-de-mau-gosto\/","title":{"rendered":"WAGNER NO MINIST\u00c9RIO DA DEFESA: CASTIGO OU PIADA DE MAU GOSTO?"},"content":{"rendered":"<p><a href=\"http:\/\/www.sudoestehoje.com.br\/novoportal\/wp-content\/uploads\/2014\/12\/DEFESA.jpg\"><img loading=\"lazy\" decoding=\"async\" class=\"aligncenter size-full wp-image-45516\" src=\"http:\/\/www.sudoestehoje.com.br\/novoportal\/wp-content\/uploads\/2014\/12\/DEFESA.jpg\" alt=\"DEFESA\" width=\"476\" height=\"307\" srcset=\"https:\/\/www.sudoestehoje.com.br\/novoportal\/wp-content\/uploads\/2014\/12\/DEFESA.jpg 476w, https:\/\/www.sudoestehoje.com.br\/novoportal\/wp-content\/uploads\/2014\/12\/DEFESA-150x96.jpg 150w\" sizes=\"auto, (max-width: 476px) 100vw, 476px\" \/><\/a><\/p>\n<p><strong><em>Por Davi Ferraz<\/em><\/strong><\/p>\n<p>Depois de ser cogitado para a Casa Civil, Minist\u00e9rio das Comunica\u00e7\u00f5es e at\u00e9 para a presid\u00eancia da Petrobras, o <em>p\u00f3ca urna<\/em> Jaques Wagner foi contemplado com um verdadeiro presente de grego, o desprestigiado Minist\u00e9rio da Defesa.<\/p>\n<p>Wagner sonhou alto e tinha como prefer\u00eancia um minist\u00e9rio palaciano, visando pavimentar uma improv\u00e1vel candidatura a presid\u00eancia da rep\u00fablica em 2018, vaga que j\u00e1 est\u00e1 reservada ao pr\u00f3prio Lula, fundador, propriet\u00e1rio e manda-chuva do combalido PT.<\/p>\n<p>Nos bastidores, Wagner tentou desbancar o prestigiad\u00edssimo Alo\u00edzio Mercadante, ministro chefe da Casa Civil, mas se desgastou junto \u00e0 c\u00fapula do PT e teve que se conformar com um minist\u00e9rio de 3\u00aa categoria, que j\u00e1 foi ocupado pelo mosca morta Waldir Pires (PT) e at\u00e9 pelo comunista Aldo Rebelo, outro zero \u00e0 esquerda.<\/p>\n<p>A expectativa \u00e9 de que Wagner n\u00e3o cuide da defesa nacional, da forma como &#8216;cuidou&#8217; da seguran\u00e7a na Bahia.<\/p>\n<p><img decoding=\"async\" class=\"aligncenter\" src=\"http:\/\/www.sudoestehoje.com.br\/novoportal\/wp-content\/uploads\/2014\/12\/festa-ilheus-500x166.jpg\" alt=\"festa ilheus\" \/><\/p>\n","protected":false},"excerpt":{"rendered":"<p>Por Davi Ferraz Depois de ser cogitado para a Casa Civil, Minist\u00e9rio das Comunica\u00e7\u00f5es e at\u00e9 para a presid\u00eancia da Petrobras, o p\u00f3ca urna Jaques Wagner foi contemplado com um verdadeiro presente de grego, o desprestigiado Minist\u00e9rio da Defesa. Wagner sonhou alto e tinha como prefer\u00eancia um minist\u00e9rio palaciano, visando pavimentar uma improv\u00e1vel candidatura a [&hellip;]<\/p>\n","protected":false},"author":2,"featured_media":0,"comment_status":"open","ping_status":"open","sticky":false,"template":"","format":"standard","meta":{"footnotes":"","_links_to":"","_links_to_target":""},"categories":[1],"tags":[],"class_list":["post-45515","post","type-post","status-publish","format-standard","hentry","category-geral"],"views":1349,"_links":{"self":[{"href":"https:\/\/www.sudoestehoje.com.br\/novoportal\/wp-json\/wp\/v2\/posts\/45515","targetHints":{"allow":["GET"]}}],"collection":[{"href":"https:\/\/www.sudoestehoje.com.br\/novoportal\/wp-json\/wp\/v2\/posts"}],"about":[{"href":"https:\/\/www.sudoestehoje.com.br\/novoportal\/wp-json\/wp\/v2\/types\/post"}],"author":[{"embeddable":true,"href":"https:\/\/www.sudoestehoje.com.br\/novoportal\/wp-json\/wp\/v2\/users\/2"}],"replies":[{"embeddable":true,"href":"https:\/\/www.sudoestehoje.com.br\/novoportal\/wp-json\/wp\/v2\/comments?post=45515"}],"version-history":[{"count":6,"href":"https:\/\/www.sudoestehoje.com.br\/novoportal\/wp-json\/wp\/v2\/posts\/45515\/revisions"}],"predecessor-version":[{"id":45523,"href":"https:\/\/www.sudoestehoje.com.br\/novoportal\/wp-json\/wp\/v2\/posts\/45515\/revisions\/45523"}],"wp:attachment":[{"href":"https:\/\/www.sudoestehoje.com.br\/novoportal\/wp-json\/wp\/v2\/media?parent=45515"}],"wp:term":[{"taxonomy":"category","embeddable":true,"href":"https:\/\/www.sudoestehoje.com.br\/novoportal\/wp-json\/wp\/v2\/categories?post=45515"},{"taxonomy":"post_tag","embeddable":true,"href":"https:\/\/www.sudoestehoje.com.br\/novoportal\/wp-json\/wp\/v2\/tags?post=45515"}],"curies":[{"name":"wp","href":"https:\/\/api.w.org\/{rel}","templated":true}]}}