
{"id":45508,"date":"2014-12-23T20:13:09","date_gmt":"2014-12-23T23:13:09","guid":{"rendered":"http:\/\/www.sudoestehoje.com.br\/novoportal\/?p=45508"},"modified":"2014-12-24T20:43:27","modified_gmt":"2014-12-24T23:43:27","slug":"itapetinga-lixo-hospitalar-e-descartado-ao-lado-de-escola-infantil","status":"publish","type":"post","link":"https:\/\/www.sudoestehoje.com.br\/novoportal\/2014\/12\/23\/itapetinga-lixo-hospitalar-e-descartado-ao-lado-de-escola-infantil\/","title":{"rendered":"ITAPETINGA: LIXO HOSPITALAR \u00c9 DESCARTADO AO LADO DE ESCOLA INFANTIL"},"content":{"rendered":"<div id=\"attachment_45510\" style=\"width: 493px\" class=\"wp-caption aligncenter\"><a href=\"http:\/\/www.sudoestehoje.com.br\/novoportal\/wp-content\/uploads\/2014\/12\/LIXO-HOSPITALAR.jpg\"><img loading=\"lazy\" decoding=\"async\" aria-describedby=\"caption-attachment-45510\" class=\" wp-image-45510\" src=\"http:\/\/www.sudoestehoje.com.br\/novoportal\/wp-content\/uploads\/2014\/12\/LIXO-HOSPITALAR-393x700.jpg\" alt=\"Descarte de material hospitalar usado, com seringas com agulhas e resto de medicamentos foram descartados em via p\u00fablica, ao lado do Col\u00e9gio Adventista e 14\u00aa Dires. Quem cometeu esse ato criminoso?\" width=\"483\" height=\"860\" srcset=\"https:\/\/www.sudoestehoje.com.br\/novoportal\/wp-content\/uploads\/2014\/12\/LIXO-HOSPITALAR-393x700.jpg 393w, https:\/\/www.sudoestehoje.com.br\/novoportal\/wp-content\/uploads\/2014\/12\/LIXO-HOSPITALAR-506x900.jpg 506w, https:\/\/www.sudoestehoje.com.br\/novoportal\/wp-content\/uploads\/2014\/12\/LIXO-HOSPITALAR-84x150.jpg 84w, https:\/\/www.sudoestehoje.com.br\/novoportal\/wp-content\/uploads\/2014\/12\/LIXO-HOSPITALAR.jpg 540w\" sizes=\"auto, (max-width: 483px) 100vw, 483px\" \/><\/a><p id=\"caption-attachment-45510\" class=\"wp-caption-text\">Descarte de material hospitalar usado, com seringas com agulhas e resto de medicamentos foi feito em via p\u00fablica, ao lado do Col\u00e9gio Adventista e 14\u00aa Dires. Quem cometeu esse ato criminoso?<\/p><\/div>\n<p>Na manh\u00e3 desta ter\u00e7a-feira, funcion\u00e1rios da empresa Vita Ambiental, que faz a coleta de lixo em Itapetinga, foram surpreendidos com a presen\u00e7a de lixo hospitalar descartado nas proximidades do Col\u00e9gio Adventista e da 14\u00aa Dires, contendo seringas descar\u00e1veis com agulhas e outros materiais j\u00e1 utilizados, em plena via p\u00fablica.<\/p>\n<p>Imediatamente, a empresa prestou queixa no Complexo Policial contra o ato criminoso, cujo autor ainda \u00e9 desconhecido, acionando tamb\u00e9m a vigil\u00e2ncia sanit\u00e1ria, na pessoa da Sra. Cacileide Ara\u00fajo, funcion\u00e1ria da 14\u00aa Dires, que solicitou \u00e0 Vita Ambiental o recolhimento e armazenamento do material, no dep\u00f3sito da empresa, para posterior an\u00e1lise e investiga\u00e7\u00e3o da sua proced\u00eancia.<\/p>\n<p>Em contato com a nossa reda\u00e7\u00e3o, preposto da Vita Ambiental informou que o material j\u00e1 foi recolhido de forma adequada por funcion\u00e1rio da empresa, sendo colocado no seu dep\u00f3sito, \u00e0 disposi\u00e7\u00e3o das autoridades.<\/p>\n<p>De acordo com a legisla\u00e7\u00e3o, todo o lixo desta natureza, descartado por cl\u00ednicas, hospitais e postos de sa\u00fade, n\u00e3o podem ser colocados em vias p\u00fablicas, pelo risco de transmiss\u00e3o de doen\u00e7as \u00e0 popula\u00e7\u00e3o, ficando tamb\u00e9m proibido o seu descarte em aterros sanit\u00e1rios e lix\u00f5es.<\/p>\n<p>\u00c9 dever da prefeitura, atrav\u00e9s da Secretaria Municipal de Sa\u00fade, adotar medidas para coibir e punir essa pr\u00e1tica ilegal, al\u00e9m de oferecer as condi\u00e7\u00f5es sanit\u00e1rias pr\u00f3prias para descarte desse tipo de material, sem colocar em risco a sa\u00fade da popula\u00e7\u00e3o e de quem realiza a coleta.<\/p>\n<p>S\u00f3 que aqui, ningu\u00e9m faz nada&#8230;<\/p>\n<p><strong><em>Por Davi Ferraz<\/em><\/strong><\/p>\n<p><img decoding=\"async\" class=\"aligncenter\" src=\"http:\/\/www.sudoestehoje.com.br\/novoportal\/wp-content\/uploads\/2014\/11\/Logomarca-HB-Sementes-500x134.jpg\" alt=\"Logomarca HB Sementes\" \/><\/p>\n","protected":false},"excerpt":{"rendered":"<p>Na manh\u00e3 desta ter\u00e7a-feira, funcion\u00e1rios da empresa Vita Ambiental, que faz a coleta de lixo em Itapetinga, foram surpreendidos com a presen\u00e7a de lixo hospitalar descartado nas proximidades do Col\u00e9gio Adventista e da 14\u00aa Dires, contendo seringas descar\u00e1veis com agulhas e outros materiais j\u00e1 utilizados, em plena via p\u00fablica. Imediatamente, a empresa prestou queixa no [&hellip;]<\/p>\n","protected":false},"author":2,"featured_media":0,"comment_status":"open","ping_status":"open","sticky":false,"template":"","format":"standard","meta":{"footnotes":"","_links_to":"","_links_to_target":""},"categories":[1],"tags":[],"class_list":["post-45508","post","type-post","status-publish","format-standard","hentry","category-geral"],"views":2583,"_links":{"self":[{"href":"https:\/\/www.sudoestehoje.com.br\/novoportal\/wp-json\/wp\/v2\/posts\/45508","targetHints":{"allow":["GET"]}}],"collection":[{"href":"https:\/\/www.sudoestehoje.com.br\/novoportal\/wp-json\/wp\/v2\/posts"}],"about":[{"href":"https:\/\/www.sudoestehoje.com.br\/novoportal\/wp-json\/wp\/v2\/types\/post"}],"author":[{"embeddable":true,"href":"https:\/\/www.sudoestehoje.com.br\/novoportal\/wp-json\/wp\/v2\/users\/2"}],"replies":[{"embeddable":true,"href":"https:\/\/www.sudoestehoje.com.br\/novoportal\/wp-json\/wp\/v2\/comments?post=45508"}],"version-history":[{"count":5,"href":"https:\/\/www.sudoestehoje.com.br\/novoportal\/wp-json\/wp\/v2\/posts\/45508\/revisions"}],"predecessor-version":[{"id":45520,"href":"https:\/\/www.sudoestehoje.com.br\/novoportal\/wp-json\/wp\/v2\/posts\/45508\/revisions\/45520"}],"wp:attachment":[{"href":"https:\/\/www.sudoestehoje.com.br\/novoportal\/wp-json\/wp\/v2\/media?parent=45508"}],"wp:term":[{"taxonomy":"category","embeddable":true,"href":"https:\/\/www.sudoestehoje.com.br\/novoportal\/wp-json\/wp\/v2\/categories?post=45508"},{"taxonomy":"post_tag","embeddable":true,"href":"https:\/\/www.sudoestehoje.com.br\/novoportal\/wp-json\/wp\/v2\/tags?post=45508"}],"curies":[{"name":"wp","href":"https:\/\/api.w.org\/{rel}","templated":true}]}}