
{"id":45501,"date":"2014-12-23T18:47:52","date_gmt":"2014-12-23T21:47:52","guid":{"rendered":"http:\/\/www.sudoestehoje.com.br\/novoportal\/?p=45501"},"modified":"2014-12-23T18:52:03","modified_gmt":"2014-12-23T21:52:03","slug":"wagner-ganha-2a-aposentadoria-e-vai-receber-r-29-mil-por-mes","status":"publish","type":"post","link":"https:\/\/www.sudoestehoje.com.br\/novoportal\/2014\/12\/23\/wagner-ganha-2a-aposentadoria-e-vai-receber-r-29-mil-por-mes\/","title":{"rendered":"WAGNER GANHA 2\u00aa APOSENTADORIA E VAI RECEBER R$ 29 MIL POR M\u00caS"},"content":{"rendered":"<p><a href=\"http:\/\/www.sudoestehoje.com.br\/novoportal\/wp-content\/uploads\/2014\/12\/WAGNER.jpg\"><img loading=\"lazy\" decoding=\"async\" class=\"aligncenter  wp-image-45502\" src=\"http:\/\/www.sudoestehoje.com.br\/novoportal\/wp-content\/uploads\/2014\/12\/WAGNER.jpg\" alt=\"WAGNER\" width=\"500\" height=\"375\" srcset=\"https:\/\/www.sudoestehoje.com.br\/novoportal\/wp-content\/uploads\/2014\/12\/WAGNER.jpg 400w, https:\/\/www.sudoestehoje.com.br\/novoportal\/wp-content\/uploads\/2014\/12\/WAGNER-150x112.jpg 150w\" sizes=\"auto, (max-width: 500px) 100vw, 500px\" \/><\/a><\/p>\n<p>Quatro semanas ap\u00f3s garantir uma aposentadoria vital\u00edcia de R$ 19 mil da Assembleia Legislativa da Bahia, o governador Jaques Wagner (PT) conseguiu uma segunda aposentadoria do poder p\u00fablico, desta vez pela C\u00e2mara dos Deputados. O petista, cotado para assumir o Minist\u00e9rio das Comunica\u00e7\u00f5es no segundo mandato da presidente Dilma Rousseff \u2013 vai receber R$ 10 mil do per\u00edodo em que foi deputado federal, entre 1990 e 1998.<\/p>\n<p>A decis\u00e3o de conceder a aposentadoria foi assinada pelo presidente da C\u00e2mara, Henrique Eduardo Alves (PMDB-RN), no \u00faltimo dia 16 e publicada nesta segunda-feira no Di\u00e1rio Oficial da Uni\u00e3o. O diretor-geral da C\u00e2mara, S\u00e9rgio Sampaio, afirmou que Wagner faz jus \u00e0 aposentadoria de ex-deputado por ter cumprido todos os requisitos previstos em lei, como ter mais de 50 anos de idade e acima de oito anos de contribui\u00e7\u00e3o para o antigo regime de previd\u00eancia dos parlamentares.<\/p>\n<p>Sampaio informou ainda que Wagner j\u00e1 poderia ter requerido o recebimento de tal benef\u00edcio h\u00e1 anos, mas n\u00e3o h\u00e1 possibilidade de se pedir o repasse retroativo da verba. Questionado sobre a aposentadoria do petista, publicada no \u00faltimo dia de trabalho da C\u00e2mara, Henrique Eduardo Alves tamb\u00e9m disse que a medida tem respaldo legal.<em> \u201cTudo passa pela diretoria geral, s\u00e3o quest\u00f5es t\u00e9cnicas, n\u00e3o s\u00e3o pol\u00edticas\u201d<\/em>, afirmou ao Estad\u00e3o.<\/p>\n<p><img decoding=\"async\" class=\"aligncenter\" src=\"http:\/\/www.sudoestehoje.com.br\/novoportal\/wp-content\/uploads\/2014\/07\/Feira-do-Lar-1.png\" alt=\"Feira-do-Lar (1)\" \/><\/p>\n","protected":false},"excerpt":{"rendered":"<p>Quatro semanas ap\u00f3s garantir uma aposentadoria vital\u00edcia de R$ 19 mil da Assembleia Legislativa da Bahia, o governador Jaques Wagner (PT) conseguiu uma segunda aposentadoria do poder p\u00fablico, desta vez pela C\u00e2mara dos Deputados. O petista, cotado para assumir o Minist\u00e9rio das Comunica\u00e7\u00f5es no segundo mandato da presidente Dilma Rousseff \u2013 vai receber R$ 10 [&hellip;]<\/p>\n","protected":false},"author":2,"featured_media":0,"comment_status":"open","ping_status":"open","sticky":false,"template":"","format":"standard","meta":{"footnotes":"","_links_to":"","_links_to_target":""},"categories":[1],"tags":[],"class_list":["post-45501","post","type-post","status-publish","format-standard","hentry","category-geral"],"views":1166,"_links":{"self":[{"href":"https:\/\/www.sudoestehoje.com.br\/novoportal\/wp-json\/wp\/v2\/posts\/45501","targetHints":{"allow":["GET"]}}],"collection":[{"href":"https:\/\/www.sudoestehoje.com.br\/novoportal\/wp-json\/wp\/v2\/posts"}],"about":[{"href":"https:\/\/www.sudoestehoje.com.br\/novoportal\/wp-json\/wp\/v2\/types\/post"}],"author":[{"embeddable":true,"href":"https:\/\/www.sudoestehoje.com.br\/novoportal\/wp-json\/wp\/v2\/users\/2"}],"replies":[{"embeddable":true,"href":"https:\/\/www.sudoestehoje.com.br\/novoportal\/wp-json\/wp\/v2\/comments?post=45501"}],"version-history":[{"count":3,"href":"https:\/\/www.sudoestehoje.com.br\/novoportal\/wp-json\/wp\/v2\/posts\/45501\/revisions"}],"predecessor-version":[{"id":45505,"href":"https:\/\/www.sudoestehoje.com.br\/novoportal\/wp-json\/wp\/v2\/posts\/45501\/revisions\/45505"}],"wp:attachment":[{"href":"https:\/\/www.sudoestehoje.com.br\/novoportal\/wp-json\/wp\/v2\/media?parent=45501"}],"wp:term":[{"taxonomy":"category","embeddable":true,"href":"https:\/\/www.sudoestehoje.com.br\/novoportal\/wp-json\/wp\/v2\/categories?post=45501"},{"taxonomy":"post_tag","embeddable":true,"href":"https:\/\/www.sudoestehoje.com.br\/novoportal\/wp-json\/wp\/v2\/tags?post=45501"}],"curies":[{"name":"wp","href":"https:\/\/api.w.org\/{rel}","templated":true}]}}